{"id":5342,"date":"2023-05-25T16:00:45","date_gmt":"2023-05-25T16:00:45","guid":{"rendered":"https:\/\/www.jglobe.hu\/2023\/05\/25\/vireo-hat-seine-voraussichtlich-3-jaehrige-reise-um-die-erde-begonnen\/"},"modified":"2026-04-21T13:20:15","modified_gmt":"2026-04-21T13:20:15","slug":"vireo-hat-seine-voraussichtlich-3-jaehrige-reise-um-die-erde-begonnen","status":"publish","type":"post","link":"https:\/\/www.jglobe.hu\/de\/2023\/05\/25\/vireo-hat-seine-voraussichtlich-3-jaehrige-reise-um-die-erde-begonnen\/","title":{"rendered":"VIREO hat seine voraussichtlich 3-j\u00e4hrige Reise um die Erde begonnen"},"content":{"rendered":"<p><span style=\"font-family: Roboto, Arial, sans-serif; font-size: 15px; font-weight: 400; text-align: justify; display: block;\">Wir haben mit Freude erfahren, dass der von C3S Kft. und aiMmotive entwickelte VIREO (Virtual Intelligence Realization for Earth Observation) 3-Unit-Satellit am 15.04.2023 von der Vandenberg Space Force Base in Kalifornien mit einer SpaceX Falcon 9-Rakete erfolgreich gestartet wurde. <\/span><\/p>\n<div>\n<p dir=\"auto\" style=\"text-align: justify;\">VIREO hat am 25.05.2023 erfolgreich seine voraussichtlich 3-j\u00e4hrige Reise um die Erde begonnen, um die Anwendungsm\u00f6glichkeiten k\u00fcnstlicher Intelligenz an Bord zu erforschen.<br \/>\nWir gratulieren den Mitarbeitern von C3S Kft. zu dieser fantastischen Leistung! Es erf\u00fcllt uns mit Stolz, dass das Julius-Globe-Team mit der Fertigung der komplexen, 5-achsige Bearbeitung erfordernden Bauteile zum Erfolg des Projekts beitragen konnte.<br \/>\nDer Start kann hier angesehen werden (ab 17:01 Minuten):<\/p>\n<\/div>\n","protected":false},"excerpt":{"rendered":"<p>Wir haben mit Freude erfahren, dass der von C3S Kft. und aiMmotive entwickelte VIREO (Virtual Intelligence Realization for Earth Observation) 3-Unit-Satellit am 15.04.2023 von der Vandenberg Space Force Base in Kalifornien mit einer SpaceX Falcon 9-Rakete erfolgreich gestartet wurde. VIREO hat am 25.05.2023 erfolgreich seine voraussichtlich 3-j\u00e4hrige Reise um die Erde begonnen, um die Anwendungsm\u00f6glichkeiten [&hellip;]<\/p>\n","protected":false},"author":1,"featured_media":5343,"comment_status":"closed","ping_status":"open","sticky":false,"template":"","format":"video","meta":{"footnotes":""},"categories":[171],"tags":[],"class_list":["post-5342","post","type-post","status-publish","format-video","has-post-thumbnail","hentry","category-neuigkeiten","post_format-post-format-video"],"yoast_head":"<!-- This site is optimized with the Yoast SEO plugin v27.4 - https:\/\/yoast.com\/product\/yoast-seo-wordpress\/ -->\n<title>VIREO hat seine voraussichtlich 3-j\u00e4hrige Reise um die Erde begonnen - Julius-Globe<\/title>\n<meta name=\"robots\" content=\"index, follow, max-snippet:-1, max-image-preview:large, max-video-preview:-1\" \/>\n<link rel=\"canonical\" href=\"https:\/\/www.jglobe.hu\/de\/2023\/05\/25\/vireo-hat-seine-voraussichtlich-3-jaehrige-reise-um-die-erde-begonnen\/\" \/>\n<meta property=\"og:locale\" content=\"de_DE\" \/>\n<meta property=\"og:type\" content=\"article\" \/>\n<meta property=\"og:title\" content=\"VIREO hat seine voraussichtlich 3-j\u00e4hrige Reise um die Erde begonnen - Julius-Globe\" \/>\n<meta property=\"og:description\" content=\"Wir haben mit Freude erfahren, dass der von C3S Kft. und aiMmotive entwickelte VIREO (Virtual Intelligence Realization for Earth Observation) 3-Unit-Satellit am 15.04.2023 von der Vandenberg Space Force Base in Kalifornien mit einer SpaceX Falcon 9-Rakete erfolgreich gestartet wurde. VIREO hat am 25.05.2023 erfolgreich seine voraussichtlich 3-j\u00e4hrige Reise um die Erde begonnen, um die Anwendungsm\u00f6glichkeiten [&hellip;]\" \/>\n<meta property=\"og:url\" content=\"https:\/\/www.jglobe.hu\/de\/2023\/05\/25\/vireo-hat-seine-voraussichtlich-3-jaehrige-reise-um-die-erde-begonnen\/\" \/>\n<meta property=\"og:site_name\" content=\"Julius-Globe\" \/>\n<meta property=\"article:publisher\" content=\"https:\/\/www.facebook.com\/juliusglobekft\/?locale=hu_HU\" \/>\n<meta property=\"article:published_time\" content=\"2023-05-25T16:00:45+00:00\" \/>\n<meta property=\"article:modified_time\" content=\"2026-04-21T13:20:15+00:00\" \/>\n<meta property=\"og:image\" content=\"https:\/\/www.jglobe.hu\/wp-content\/uploads\/2016\/07\/post_12.jpg\" \/>\n\t<meta property=\"og:image:width\" content=\"1920\" \/>\n\t<meta property=\"og:image:height\" content=\"1280\" \/>\n\t<meta property=\"og:image:type\" content=\"image\/jpeg\" \/>\n<meta name=\"author\" content=\"jutasig\" \/>\n<meta name=\"twitter:card\" content=\"summary_large_image\" \/>\n<meta name=\"twitter:label1\" content=\"Verfasst von\" \/>\n\t<meta name=\"twitter:data1\" content=\"jutasig\" \/>\n\t<meta name=\"twitter:label2\" content=\"Gesch\u00e4tzte Lesezeit\" \/>\n\t<meta name=\"twitter:data2\" content=\"1\u00a0Minute\" \/>\n<script type=\"application\/ld+json\" class=\"yoast-schema-graph\">{\"@context\":\"https:\\\/\\\/schema.org\",\"@graph\":[{\"@type\":\"Article\",\"@id\":\"https:\\\/\\\/www.jglobe.hu\\\/de\\\/2023\\\/05\\\/25\\\/vireo-hat-seine-voraussichtlich-3-jaehrige-reise-um-die-erde-begonnen\\\/#article\",\"isPartOf\":{\"@id\":\"https:\\\/\\\/www.jglobe.hu\\\/de\\\/2023\\\/05\\\/25\\\/vireo-hat-seine-voraussichtlich-3-jaehrige-reise-um-die-erde-begonnen\\\/\"},\"author\":{\"name\":\"jutasig\",\"@id\":\"https:\\\/\\\/www.jglobe.hu\\\/#\\\/schema\\\/person\\\/361a3054bee6a4006160f5bd2457508e\"},\"headline\":\"VIREO hat seine voraussichtlich 3-j\u00e4hrige Reise um die Erde begonnen\",\"datePublished\":\"2023-05-25T16:00:45+00:00\",\"dateModified\":\"2026-04-21T13:20:15+00:00\",\"mainEntityOfPage\":{\"@id\":\"https:\\\/\\\/www.jglobe.hu\\\/de\\\/2023\\\/05\\\/25\\\/vireo-hat-seine-voraussichtlich-3-jaehrige-reise-um-die-erde-begonnen\\\/\"},\"wordCount\":118,\"publisher\":{\"@id\":\"https:\\\/\\\/www.jglobe.hu\\\/#organization\"},\"image\":{\"@id\":\"https:\\\/\\\/www.jglobe.hu\\\/de\\\/2023\\\/05\\\/25\\\/vireo-hat-seine-voraussichtlich-3-jaehrige-reise-um-die-erde-begonnen\\\/#primaryimage\"},\"thumbnailUrl\":\"https:\\\/\\\/www.jglobe.hu\\\/wp-content\\\/uploads\\\/2016\\\/07\\\/post_12.jpg\",\"articleSection\":[\"Neuigkeiten\"],\"inLanguage\":\"de\"},{\"@type\":\"WebPage\",\"@id\":\"https:\\\/\\\/www.jglobe.hu\\\/de\\\/2023\\\/05\\\/25\\\/vireo-hat-seine-voraussichtlich-3-jaehrige-reise-um-die-erde-begonnen\\\/\",\"url\":\"https:\\\/\\\/www.jglobe.hu\\\/de\\\/2023\\\/05\\\/25\\\/vireo-hat-seine-voraussichtlich-3-jaehrige-reise-um-die-erde-begonnen\\\/\",\"name\":\"VIREO hat seine voraussichtlich 3-j\u00e4hrige Reise um die Erde begonnen - Julius-Globe\",\"isPartOf\":{\"@id\":\"https:\\\/\\\/www.jglobe.hu\\\/#website\"},\"primaryImageOfPage\":{\"@id\":\"https:\\\/\\\/www.jglobe.hu\\\/de\\\/2023\\\/05\\\/25\\\/vireo-hat-seine-voraussichtlich-3-jaehrige-reise-um-die-erde-begonnen\\\/#primaryimage\"},\"image\":{\"@id\":\"https:\\\/\\\/www.jglobe.hu\\\/de\\\/2023\\\/05\\\/25\\\/vireo-hat-seine-voraussichtlich-3-jaehrige-reise-um-die-erde-begonnen\\\/#primaryimage\"},\"thumbnailUrl\":\"https:\\\/\\\/www.jglobe.hu\\\/wp-content\\\/uploads\\\/2016\\\/07\\\/post_12.jpg\",\"datePublished\":\"2023-05-25T16:00:45+00:00\",\"dateModified\":\"2026-04-21T13:20:15+00:00\",\"breadcrumb\":{\"@id\":\"https:\\\/\\\/www.jglobe.hu\\\/de\\\/2023\\\/05\\\/25\\\/vireo-hat-seine-voraussichtlich-3-jaehrige-reise-um-die-erde-begonnen\\\/#breadcrumb\"},\"inLanguage\":\"de\",\"potentialAction\":[{\"@type\":\"ReadAction\",\"target\":[\"https:\\\/\\\/www.jglobe.hu\\\/de\\\/2023\\\/05\\\/25\\\/vireo-hat-seine-voraussichtlich-3-jaehrige-reise-um-die-erde-begonnen\\\/\"]}]},{\"@type\":\"ImageObject\",\"inLanguage\":\"de\",\"@id\":\"https:\\\/\\\/www.jglobe.hu\\\/de\\\/2023\\\/05\\\/25\\\/vireo-hat-seine-voraussichtlich-3-jaehrige-reise-um-die-erde-begonnen\\\/#primaryimage\",\"url\":\"https:\\\/\\\/www.jglobe.hu\\\/wp-content\\\/uploads\\\/2016\\\/07\\\/post_12.jpg\",\"contentUrl\":\"https:\\\/\\\/www.jglobe.hu\\\/wp-content\\\/uploads\\\/2016\\\/07\\\/post_12.jpg\",\"width\":1920,\"height\":1280},{\"@type\":\"BreadcrumbList\",\"@id\":\"https:\\\/\\\/www.jglobe.hu\\\/de\\\/2023\\\/05\\\/25\\\/vireo-hat-seine-voraussichtlich-3-jaehrige-reise-um-die-erde-begonnen\\\/#breadcrumb\",\"itemListElement\":[{\"@type\":\"ListItem\",\"position\":1,\"name\":\"Kezd\u0151lap\",\"item\":\"https:\\\/\\\/www.jglobe.hu\\\/de\\\/\"},{\"@type\":\"ListItem\",\"position\":2,\"name\":\"VIREO hat seine voraussichtlich 3-j\u00e4hrige Reise um die Erde begonnen\"}]},{\"@type\":\"WebSite\",\"@id\":\"https:\\\/\\\/www.jglobe.hu\\\/#website\",\"url\":\"https:\\\/\\\/www.jglobe.hu\\\/\",\"name\":\"Julius-Globe\",\"description\":\"A NAVIGATOR f\u00e9mipari tud\u00e1sk\u00f6zpontja\",\"publisher\":{\"@id\":\"https:\\\/\\\/www.jglobe.hu\\\/#organization\"},\"potentialAction\":[{\"@type\":\"SearchAction\",\"target\":{\"@type\":\"EntryPoint\",\"urlTemplate\":\"https:\\\/\\\/www.jglobe.hu\\\/?s={search_term_string}\"},\"query-input\":{\"@type\":\"PropertyValueSpecification\",\"valueRequired\":true,\"valueName\":\"search_term_string\"}}],\"inLanguage\":\"de\"},{\"@type\":\"Organization\",\"@id\":\"https:\\\/\\\/www.jglobe.hu\\\/#organization\",\"name\":\"Julius-Globe\",\"url\":\"https:\\\/\\\/www.jglobe.hu\\\/\",\"logo\":{\"@type\":\"ImageObject\",\"inLanguage\":\"de\",\"@id\":\"https:\\\/\\\/www.jglobe.hu\\\/#\\\/schema\\\/logo\\\/image\\\/\",\"url\":\"https:\\\/\\\/www.jglobe.hu\\\/wp-content\\\/uploads\\\/2026\\\/03\\\/JG-fekvo-szines-kicsi.png\",\"contentUrl\":\"https:\\\/\\\/www.jglobe.hu\\\/wp-content\\\/uploads\\\/2026\\\/03\\\/JG-fekvo-szines-kicsi.png\",\"width\":2484,\"height\":1069,\"caption\":\"Julius-Globe\"},\"image\":{\"@id\":\"https:\\\/\\\/www.jglobe.hu\\\/#\\\/schema\\\/logo\\\/image\\\/\"},\"sameAs\":[\"https:\\\/\\\/www.facebook.com\\\/juliusglobekft\\\/?locale=hu_HU\"]},{\"@type\":\"Person\",\"@id\":\"https:\\\/\\\/www.jglobe.hu\\\/#\\\/schema\\\/person\\\/361a3054bee6a4006160f5bd2457508e\",\"name\":\"jutasig\",\"image\":{\"@type\":\"ImageObject\",\"inLanguage\":\"de\",\"@id\":\"https:\\\/\\\/secure.gravatar.com\\\/avatar\\\/5a40f680def40ab5386bcfee625b43b0a65605cb9624050afd5153d2acbcd338?s=96&d=mm&r=g\",\"url\":\"https:\\\/\\\/secure.gravatar.com\\\/avatar\\\/5a40f680def40ab5386bcfee625b43b0a65605cb9624050afd5153d2acbcd338?s=96&d=mm&r=g\",\"contentUrl\":\"https:\\\/\\\/secure.gravatar.com\\\/avatar\\\/5a40f680def40ab5386bcfee625b43b0a65605cb9624050afd5153d2acbcd338?s=96&d=mm&r=g\",\"caption\":\"jutasig\"},\"sameAs\":[\"https:\\\/\\\/https:\\\/\\\/www.jglobe.hu\\\/\"],\"url\":\"https:\\\/\\\/www.jglobe.hu\\\/de\\\/author\\\/jutasig\\\/\"}]}<\/script>\n<!-- \/ Yoast SEO plugin. -->","yoast_head_json":{"title":"VIREO hat seine voraussichtlich 3-j\u00e4hrige Reise um die Erde begonnen - Julius-Globe","robots":{"index":"index","follow":"follow","max-snippet":"max-snippet:-1","max-image-preview":"max-image-preview:large","max-video-preview":"max-video-preview:-1"},"canonical":"https:\/\/www.jglobe.hu\/de\/2023\/05\/25\/vireo-hat-seine-voraussichtlich-3-jaehrige-reise-um-die-erde-begonnen\/","og_locale":"de_DE","og_type":"article","og_title":"VIREO hat seine voraussichtlich 3-j\u00e4hrige Reise um die Erde begonnen - Julius-Globe","og_description":"Wir haben mit Freude erfahren, dass der von C3S Kft. und aiMmotive entwickelte VIREO (Virtual Intelligence Realization for Earth Observation) 3-Unit-Satellit am 15.04.2023 von der Vandenberg Space Force Base in Kalifornien mit einer SpaceX Falcon 9-Rakete erfolgreich gestartet wurde. VIREO hat am 25.05.2023 erfolgreich seine voraussichtlich 3-j\u00e4hrige Reise um die Erde begonnen, um die Anwendungsm\u00f6glichkeiten [&hellip;]","og_url":"https:\/\/www.jglobe.hu\/de\/2023\/05\/25\/vireo-hat-seine-voraussichtlich-3-jaehrige-reise-um-die-erde-begonnen\/","og_site_name":"Julius-Globe","article_publisher":"https:\/\/www.facebook.com\/juliusglobekft\/?locale=hu_HU","article_published_time":"2023-05-25T16:00:45+00:00","article_modified_time":"2026-04-21T13:20:15+00:00","og_image":[{"width":1920,"height":1280,"url":"https:\/\/www.jglobe.hu\/wp-content\/uploads\/2016\/07\/post_12.jpg","type":"image\/jpeg"}],"author":"jutasig","twitter_card":"summary_large_image","twitter_misc":{"Verfasst von":"jutasig","Gesch\u00e4tzte Lesezeit":"1\u00a0Minute"},"schema":{"@context":"https:\/\/schema.org","@graph":[{"@type":"Article","@id":"https:\/\/www.jglobe.hu\/de\/2023\/05\/25\/vireo-hat-seine-voraussichtlich-3-jaehrige-reise-um-die-erde-begonnen\/#article","isPartOf":{"@id":"https:\/\/www.jglobe.hu\/de\/2023\/05\/25\/vireo-hat-seine-voraussichtlich-3-jaehrige-reise-um-die-erde-begonnen\/"},"author":{"name":"jutasig","@id":"https:\/\/www.jglobe.hu\/#\/schema\/person\/361a3054bee6a4006160f5bd2457508e"},"headline":"VIREO hat seine voraussichtlich 3-j\u00e4hrige Reise um die Erde begonnen","datePublished":"2023-05-25T16:00:45+00:00","dateModified":"2026-04-21T13:20:15+00:00","mainEntityOfPage":{"@id":"https:\/\/www.jglobe.hu\/de\/2023\/05\/25\/vireo-hat-seine-voraussichtlich-3-jaehrige-reise-um-die-erde-begonnen\/"},"wordCount":118,"publisher":{"@id":"https:\/\/www.jglobe.hu\/#organization"},"image":{"@id":"https:\/\/www.jglobe.hu\/de\/2023\/05\/25\/vireo-hat-seine-voraussichtlich-3-jaehrige-reise-um-die-erde-begonnen\/#primaryimage"},"thumbnailUrl":"https:\/\/www.jglobe.hu\/wp-content\/uploads\/2016\/07\/post_12.jpg","articleSection":["Neuigkeiten"],"inLanguage":"de"},{"@type":"WebPage","@id":"https:\/\/www.jglobe.hu\/de\/2023\/05\/25\/vireo-hat-seine-voraussichtlich-3-jaehrige-reise-um-die-erde-begonnen\/","url":"https:\/\/www.jglobe.hu\/de\/2023\/05\/25\/vireo-hat-seine-voraussichtlich-3-jaehrige-reise-um-die-erde-begonnen\/","name":"VIREO hat seine voraussichtlich 3-j\u00e4hrige Reise um die Erde begonnen - Julius-Globe","isPartOf":{"@id":"https:\/\/www.jglobe.hu\/#website"},"primaryImageOfPage":{"@id":"https:\/\/www.jglobe.hu\/de\/2023\/05\/25\/vireo-hat-seine-voraussichtlich-3-jaehrige-reise-um-die-erde-begonnen\/#primaryimage"},"image":{"@id":"https:\/\/www.jglobe.hu\/de\/2023\/05\/25\/vireo-hat-seine-voraussichtlich-3-jaehrige-reise-um-die-erde-begonnen\/#primaryimage"},"thumbnailUrl":"https:\/\/www.jglobe.hu\/wp-content\/uploads\/2016\/07\/post_12.jpg","datePublished":"2023-05-25T16:00:45+00:00","dateModified":"2026-04-21T13:20:15+00:00","breadcrumb":{"@id":"https:\/\/www.jglobe.hu\/de\/2023\/05\/25\/vireo-hat-seine-voraussichtlich-3-jaehrige-reise-um-die-erde-begonnen\/#breadcrumb"},"inLanguage":"de","potentialAction":[{"@type":"ReadAction","target":["https:\/\/www.jglobe.hu\/de\/2023\/05\/25\/vireo-hat-seine-voraussichtlich-3-jaehrige-reise-um-die-erde-begonnen\/"]}]},{"@type":"ImageObject","inLanguage":"de","@id":"https:\/\/www.jglobe.hu\/de\/2023\/05\/25\/vireo-hat-seine-voraussichtlich-3-jaehrige-reise-um-die-erde-begonnen\/#primaryimage","url":"https:\/\/www.jglobe.hu\/wp-content\/uploads\/2016\/07\/post_12.jpg","contentUrl":"https:\/\/www.jglobe.hu\/wp-content\/uploads\/2016\/07\/post_12.jpg","width":1920,"height":1280},{"@type":"BreadcrumbList","@id":"https:\/\/www.jglobe.hu\/de\/2023\/05\/25\/vireo-hat-seine-voraussichtlich-3-jaehrige-reise-um-die-erde-begonnen\/#breadcrumb","itemListElement":[{"@type":"ListItem","position":1,"name":"Kezd\u0151lap","item":"https:\/\/www.jglobe.hu\/de\/"},{"@type":"ListItem","position":2,"name":"VIREO hat seine voraussichtlich 3-j\u00e4hrige Reise um die Erde begonnen"}]},{"@type":"WebSite","@id":"https:\/\/www.jglobe.hu\/#website","url":"https:\/\/www.jglobe.hu\/","name":"Julius-Globe","description":"A NAVIGATOR f\u00e9mipari tud\u00e1sk\u00f6zpontja","publisher":{"@id":"https:\/\/www.jglobe.hu\/#organization"},"potentialAction":[{"@type":"SearchAction","target":{"@type":"EntryPoint","urlTemplate":"https:\/\/www.jglobe.hu\/?s={search_term_string}"},"query-input":{"@type":"PropertyValueSpecification","valueRequired":true,"valueName":"search_term_string"}}],"inLanguage":"de"},{"@type":"Organization","@id":"https:\/\/www.jglobe.hu\/#organization","name":"Julius-Globe","url":"https:\/\/www.jglobe.hu\/","logo":{"@type":"ImageObject","inLanguage":"de","@id":"https:\/\/www.jglobe.hu\/#\/schema\/logo\/image\/","url":"https:\/\/www.jglobe.hu\/wp-content\/uploads\/2026\/03\/JG-fekvo-szines-kicsi.png","contentUrl":"https:\/\/www.jglobe.hu\/wp-content\/uploads\/2026\/03\/JG-fekvo-szines-kicsi.png","width":2484,"height":1069,"caption":"Julius-Globe"},"image":{"@id":"https:\/\/www.jglobe.hu\/#\/schema\/logo\/image\/"},"sameAs":["https:\/\/www.facebook.com\/juliusglobekft\/?locale=hu_HU"]},{"@type":"Person","@id":"https:\/\/www.jglobe.hu\/#\/schema\/person\/361a3054bee6a4006160f5bd2457508e","name":"jutasig","image":{"@type":"ImageObject","inLanguage":"de","@id":"https:\/\/secure.gravatar.com\/avatar\/5a40f680def40ab5386bcfee625b43b0a65605cb9624050afd5153d2acbcd338?s=96&d=mm&r=g","url":"https:\/\/secure.gravatar.com\/avatar\/5a40f680def40ab5386bcfee625b43b0a65605cb9624050afd5153d2acbcd338?s=96&d=mm&r=g","contentUrl":"https:\/\/secure.gravatar.com\/avatar\/5a40f680def40ab5386bcfee625b43b0a65605cb9624050afd5153d2acbcd338?s=96&d=mm&r=g","caption":"jutasig"},"sameAs":["https:\/\/https:\/\/www.jglobe.hu\/"],"url":"https:\/\/www.jglobe.hu\/de\/author\/jutasig\/"}]}},"_links":{"self":[{"href":"https:\/\/www.jglobe.hu\/de\/wp-json\/wp\/v2\/posts\/5342","targetHints":{"allow":["GET"]}}],"collection":[{"href":"https:\/\/www.jglobe.hu\/de\/wp-json\/wp\/v2\/posts"}],"about":[{"href":"https:\/\/www.jglobe.hu\/de\/wp-json\/wp\/v2\/types\/post"}],"author":[{"embeddable":true,"href":"https:\/\/www.jglobe.hu\/de\/wp-json\/wp\/v2\/users\/1"}],"replies":[{"embeddable":true,"href":"https:\/\/www.jglobe.hu\/de\/wp-json\/wp\/v2\/comments?post=5342"}],"version-history":[{"count":1,"href":"https:\/\/www.jglobe.hu\/de\/wp-json\/wp\/v2\/posts\/5342\/revisions"}],"predecessor-version":[{"id":5351,"href":"https:\/\/www.jglobe.hu\/de\/wp-json\/wp\/v2\/posts\/5342\/revisions\/5351"}],"wp:featuredmedia":[{"embeddable":true,"href":"https:\/\/www.jglobe.hu\/de\/wp-json\/wp\/v2\/media\/5343"}],"wp:attachment":[{"href":"https:\/\/www.jglobe.hu\/de\/wp-json\/wp\/v2\/media?parent=5342"}],"wp:term":[{"taxonomy":"category","embeddable":true,"href":"https:\/\/www.jglobe.hu\/de\/wp-json\/wp\/v2\/categories?post=5342"},{"taxonomy":"post_tag","embeddable":true,"href":"https:\/\/www.jglobe.hu\/de\/wp-json\/wp\/v2\/tags?post=5342"}],"curies":[{"name":"wp","href":"https:\/\/api.w.org\/{rel}","templated":true}]}}