{"id":5547,"date":"2020-05-29T16:00:45","date_gmt":"2020-05-29T16:00:45","guid":{"rendered":"https:\/\/www.jglobe.hu\/2020\/05\/29\/beatmungsgeraete-projekt-fuer-die-intensivstation\/"},"modified":"2026-04-22T17:56:42","modified_gmt":"2026-04-22T17:56:42","slug":"beatmungsgeraete-projekt-fuer-die-intensivstation","status":"publish","type":"post","link":"https:\/\/www.jglobe.hu\/de\/2020\/05\/29\/beatmungsgeraete-projekt-fuer-die-intensivstation\/","title":{"rendered":"Beatmungsger\u00e4te-Projekt f\u00fcr die Intensivstation"},"content":{"rendered":"<div style=\"text-align: justify\">Wir freuen uns, mitteilen zu k\u00f6nnen, dass wir heute die erforderlichen Zerspanungsteile f\u00fcr 300 Intensivbeatmungsger\u00e4te geliefert haben. Die restlichen Teile f\u00fcr die weiteren 800 Ger\u00e4te werden in K\u00fcrze geliefert. <\/p>\n<p>Als Reaktion auf die weltweite Pandemie begann ein ungarischer Medizinger\u00e4te-Hersteller \u2013 Celitron Medical Technologies Kft. \u2013 mit der Produktion modernster Beatmungsger\u00e4te. Im Rahmen dieses Projekts werden insgesamt 1.100 Beatmungsger\u00e4te zusammengebaut, die der Gesundheit der Menschen in Ungarn dienen und sowohl f\u00fcr Neugeborene und Kinder als auch f\u00fcr Erwachsene auf Intensivstationen eingesetzt werden k\u00f6nnen. <\/p>\n<p>Wir danken unseren Mitarbeiterinnen und Mitarbeitern, die in dieser schwierigen Zeit Verantwortung \u00fcbernommen haben. Es erf\u00fcllt uns mit gro\u00dfer Freude und Stolz, dass unser Unternehmen die Zerspanungsteile f\u00fcr diese lebensrettenden Ger\u00e4te liefern und unser Team sie fertigen darf. <\/p><\/div>\n","protected":false},"excerpt":{"rendered":"<p>Wir freuen uns, mitteilen zu k\u00f6nnen, dass wir heute die erforderlichen Zerspanungsteile f\u00fcr 300 Intensivbeatmungsger\u00e4te geliefert haben. Die restlichen Teile f\u00fcr die weiteren 800 Ger\u00e4te werden in K\u00fcrze geliefert. Als Reaktion auf die weltweite Pandemie begann ein ungarischer Medizinger\u00e4te-Hersteller \u2013 Celitron Medical Technologies Kft. \u2013 mit der Produktion modernster Beatmungsger\u00e4te. Im Rahmen dieses Projekts werden [&hellip;]<\/p>\n","protected":false},"author":1,"featured_media":5546,"comment_status":"closed","ping_status":"open","sticky":false,"template":"","format":"gallery","meta":{"footnotes":""},"categories":[171],"tags":[],"class_list":["post-5547","post","type-post","status-publish","format-gallery","has-post-thumbnail","hentry","category-neuigkeiten","post_format-post-format-gallery"],"yoast_head":"<!-- This site is optimized with the Yoast SEO plugin v27.4 - https:\/\/yoast.com\/product\/yoast-seo-wordpress\/ -->\n<title>Beatmungsger\u00e4te-Projekt f\u00fcr die Intensivstation - Julius-Globe<\/title>\n<meta name=\"robots\" content=\"index, follow, max-snippet:-1, max-image-preview:large, max-video-preview:-1\" \/>\n<link rel=\"canonical\" href=\"https:\/\/www.jglobe.hu\/de\/2020\/05\/29\/beatmungsgeraete-projekt-fuer-die-intensivstation\/\" \/>\n<meta property=\"og:locale\" content=\"de_DE\" \/>\n<meta property=\"og:type\" content=\"article\" \/>\n<meta property=\"og:title\" content=\"Beatmungsger\u00e4te-Projekt f\u00fcr die Intensivstation - Julius-Globe\" \/>\n<meta property=\"og:description\" content=\"Wir freuen uns, mitteilen zu k\u00f6nnen, dass wir heute die erforderlichen Zerspanungsteile f\u00fcr 300 Intensivbeatmungsger\u00e4te geliefert haben. Die restlichen Teile f\u00fcr die weiteren 800 Ger\u00e4te werden in K\u00fcrze geliefert. Als Reaktion auf die weltweite Pandemie begann ein ungarischer Medizinger\u00e4te-Hersteller \u2013 Celitron Medical Technologies Kft. \u2013 mit der Produktion modernster Beatmungsger\u00e4te. Im Rahmen dieses Projekts werden [&hellip;]\" \/>\n<meta property=\"og:url\" content=\"https:\/\/www.jglobe.hu\/de\/2020\/05\/29\/beatmungsgeraete-projekt-fuer-die-intensivstation\/\" \/>\n<meta property=\"og:site_name\" content=\"Julius-Globe\" \/>\n<meta property=\"article:publisher\" content=\"https:\/\/www.facebook.com\/juliusglobekft\/?locale=hu_HU\" \/>\n<meta property=\"article:published_time\" content=\"2020-05-29T16:00:45+00:00\" \/>\n<meta property=\"article:modified_time\" content=\"2026-04-22T17:56:42+00:00\" \/>\n<meta property=\"og:image\" content=\"https:\/\/www.jglobe.hu\/wp-content\/uploads\/2020\/05\/kiemelt_kep.jpg\" \/>\n\t<meta property=\"og:image:width\" content=\"1920\" \/>\n\t<meta property=\"og:image:height\" content=\"1280\" \/>\n\t<meta property=\"og:image:type\" content=\"image\/jpeg\" \/>\n<meta name=\"author\" content=\"jutasig\" \/>\n<meta name=\"twitter:card\" content=\"summary_large_image\" \/>\n<meta name=\"twitter:label1\" content=\"Verfasst von\" \/>\n\t<meta name=\"twitter:data1\" content=\"jutasig\" \/>\n\t<meta name=\"twitter:label2\" content=\"Gesch\u00e4tzte Lesezeit\" \/>\n\t<meta name=\"twitter:data2\" content=\"1\u00a0Minute\" \/>\n<script type=\"application\/ld+json\" class=\"yoast-schema-graph\">{\"@context\":\"https:\\\/\\\/schema.org\",\"@graph\":[{\"@type\":\"Article\",\"@id\":\"https:\\\/\\\/www.jglobe.hu\\\/de\\\/2020\\\/05\\\/29\\\/beatmungsgeraete-projekt-fuer-die-intensivstation\\\/#article\",\"isPartOf\":{\"@id\":\"https:\\\/\\\/www.jglobe.hu\\\/de\\\/2020\\\/05\\\/29\\\/beatmungsgeraete-projekt-fuer-die-intensivstation\\\/\"},\"author\":{\"name\":\"jutasig\",\"@id\":\"https:\\\/\\\/www.jglobe.hu\\\/#\\\/schema\\\/person\\\/361a3054bee6a4006160f5bd2457508e\"},\"headline\":\"Beatmungsger\u00e4te-Projekt f\u00fcr die Intensivstation\",\"datePublished\":\"2020-05-29T16:00:45+00:00\",\"dateModified\":\"2026-04-22T17:56:42+00:00\",\"mainEntityOfPage\":{\"@id\":\"https:\\\/\\\/www.jglobe.hu\\\/de\\\/2020\\\/05\\\/29\\\/beatmungsgeraete-projekt-fuer-die-intensivstation\\\/\"},\"wordCount\":137,\"publisher\":{\"@id\":\"https:\\\/\\\/www.jglobe.hu\\\/#organization\"},\"image\":{\"@id\":\"https:\\\/\\\/www.jglobe.hu\\\/de\\\/2020\\\/05\\\/29\\\/beatmungsgeraete-projekt-fuer-die-intensivstation\\\/#primaryimage\"},\"thumbnailUrl\":\"https:\\\/\\\/www.jglobe.hu\\\/wp-content\\\/uploads\\\/2020\\\/05\\\/kiemelt_kep.jpg\",\"articleSection\":[\"Neuigkeiten\"],\"inLanguage\":\"de\"},{\"@type\":\"WebPage\",\"@id\":\"https:\\\/\\\/www.jglobe.hu\\\/de\\\/2020\\\/05\\\/29\\\/beatmungsgeraete-projekt-fuer-die-intensivstation\\\/\",\"url\":\"https:\\\/\\\/www.jglobe.hu\\\/de\\\/2020\\\/05\\\/29\\\/beatmungsgeraete-projekt-fuer-die-intensivstation\\\/\",\"name\":\"Beatmungsger\u00e4te-Projekt f\u00fcr die Intensivstation - Julius-Globe\",\"isPartOf\":{\"@id\":\"https:\\\/\\\/www.jglobe.hu\\\/#website\"},\"primaryImageOfPage\":{\"@id\":\"https:\\\/\\\/www.jglobe.hu\\\/de\\\/2020\\\/05\\\/29\\\/beatmungsgeraete-projekt-fuer-die-intensivstation\\\/#primaryimage\"},\"image\":{\"@id\":\"https:\\\/\\\/www.jglobe.hu\\\/de\\\/2020\\\/05\\\/29\\\/beatmungsgeraete-projekt-fuer-die-intensivstation\\\/#primaryimage\"},\"thumbnailUrl\":\"https:\\\/\\\/www.jglobe.hu\\\/wp-content\\\/uploads\\\/2020\\\/05\\\/kiemelt_kep.jpg\",\"datePublished\":\"2020-05-29T16:00:45+00:00\",\"dateModified\":\"2026-04-22T17:56:42+00:00\",\"breadcrumb\":{\"@id\":\"https:\\\/\\\/www.jglobe.hu\\\/de\\\/2020\\\/05\\\/29\\\/beatmungsgeraete-projekt-fuer-die-intensivstation\\\/#breadcrumb\"},\"inLanguage\":\"de\",\"potentialAction\":[{\"@type\":\"ReadAction\",\"target\":[\"https:\\\/\\\/www.jglobe.hu\\\/de\\\/2020\\\/05\\\/29\\\/beatmungsgeraete-projekt-fuer-die-intensivstation\\\/\"]}]},{\"@type\":\"ImageObject\",\"inLanguage\":\"de\",\"@id\":\"https:\\\/\\\/www.jglobe.hu\\\/de\\\/2020\\\/05\\\/29\\\/beatmungsgeraete-projekt-fuer-die-intensivstation\\\/#primaryimage\",\"url\":\"https:\\\/\\\/www.jglobe.hu\\\/wp-content\\\/uploads\\\/2020\\\/05\\\/kiemelt_kep.jpg\",\"contentUrl\":\"https:\\\/\\\/www.jglobe.hu\\\/wp-content\\\/uploads\\\/2020\\\/05\\\/kiemelt_kep.jpg\",\"width\":1920,\"height\":1280},{\"@type\":\"BreadcrumbList\",\"@id\":\"https:\\\/\\\/www.jglobe.hu\\\/de\\\/2020\\\/05\\\/29\\\/beatmungsgeraete-projekt-fuer-die-intensivstation\\\/#breadcrumb\",\"itemListElement\":[{\"@type\":\"ListItem\",\"position\":1,\"name\":\"Kezd\u0151lap\",\"item\":\"https:\\\/\\\/www.jglobe.hu\\\/de\\\/\"},{\"@type\":\"ListItem\",\"position\":2,\"name\":\"Beatmungsger\u00e4te-Projekt f\u00fcr die Intensivstation\"}]},{\"@type\":\"WebSite\",\"@id\":\"https:\\\/\\\/www.jglobe.hu\\\/#website\",\"url\":\"https:\\\/\\\/www.jglobe.hu\\\/\",\"name\":\"Julius-Globe\",\"description\":\"A NAVIGATOR f\u00e9mipari tud\u00e1sk\u00f6zpontja\",\"publisher\":{\"@id\":\"https:\\\/\\\/www.jglobe.hu\\\/#organization\"},\"potentialAction\":[{\"@type\":\"SearchAction\",\"target\":{\"@type\":\"EntryPoint\",\"urlTemplate\":\"https:\\\/\\\/www.jglobe.hu\\\/?s={search_term_string}\"},\"query-input\":{\"@type\":\"PropertyValueSpecification\",\"valueRequired\":true,\"valueName\":\"search_term_string\"}}],\"inLanguage\":\"de\"},{\"@type\":\"Organization\",\"@id\":\"https:\\\/\\\/www.jglobe.hu\\\/#organization\",\"name\":\"Julius-Globe\",\"url\":\"https:\\\/\\\/www.jglobe.hu\\\/\",\"logo\":{\"@type\":\"ImageObject\",\"inLanguage\":\"de\",\"@id\":\"https:\\\/\\\/www.jglobe.hu\\\/#\\\/schema\\\/logo\\\/image\\\/\",\"url\":\"https:\\\/\\\/www.jglobe.hu\\\/wp-content\\\/uploads\\\/2026\\\/03\\\/JG-fekvo-szines-kicsi.png\",\"contentUrl\":\"https:\\\/\\\/www.jglobe.hu\\\/wp-content\\\/uploads\\\/2026\\\/03\\\/JG-fekvo-szines-kicsi.png\",\"width\":2484,\"height\":1069,\"caption\":\"Julius-Globe\"},\"image\":{\"@id\":\"https:\\\/\\\/www.jglobe.hu\\\/#\\\/schema\\\/logo\\\/image\\\/\"},\"sameAs\":[\"https:\\\/\\\/www.facebook.com\\\/juliusglobekft\\\/?locale=hu_HU\"]},{\"@type\":\"Person\",\"@id\":\"https:\\\/\\\/www.jglobe.hu\\\/#\\\/schema\\\/person\\\/361a3054bee6a4006160f5bd2457508e\",\"name\":\"jutasig\",\"image\":{\"@type\":\"ImageObject\",\"inLanguage\":\"de\",\"@id\":\"https:\\\/\\\/secure.gravatar.com\\\/avatar\\\/5a40f680def40ab5386bcfee625b43b0a65605cb9624050afd5153d2acbcd338?s=96&d=mm&r=g\",\"url\":\"https:\\\/\\\/secure.gravatar.com\\\/avatar\\\/5a40f680def40ab5386bcfee625b43b0a65605cb9624050afd5153d2acbcd338?s=96&d=mm&r=g\",\"contentUrl\":\"https:\\\/\\\/secure.gravatar.com\\\/avatar\\\/5a40f680def40ab5386bcfee625b43b0a65605cb9624050afd5153d2acbcd338?s=96&d=mm&r=g\",\"caption\":\"jutasig\"},\"sameAs\":[\"https:\\\/\\\/https:\\\/\\\/www.jglobe.hu\\\/\"],\"url\":\"https:\\\/\\\/www.jglobe.hu\\\/de\\\/author\\\/jutasig\\\/\"}]}<\/script>\n<!-- \/ Yoast SEO plugin. -->","yoast_head_json":{"title":"Beatmungsger\u00e4te-Projekt f\u00fcr die Intensivstation - Julius-Globe","robots":{"index":"index","follow":"follow","max-snippet":"max-snippet:-1","max-image-preview":"max-image-preview:large","max-video-preview":"max-video-preview:-1"},"canonical":"https:\/\/www.jglobe.hu\/de\/2020\/05\/29\/beatmungsgeraete-projekt-fuer-die-intensivstation\/","og_locale":"de_DE","og_type":"article","og_title":"Beatmungsger\u00e4te-Projekt f\u00fcr die Intensivstation - Julius-Globe","og_description":"Wir freuen uns, mitteilen zu k\u00f6nnen, dass wir heute die erforderlichen Zerspanungsteile f\u00fcr 300 Intensivbeatmungsger\u00e4te geliefert haben. Die restlichen Teile f\u00fcr die weiteren 800 Ger\u00e4te werden in K\u00fcrze geliefert. Als Reaktion auf die weltweite Pandemie begann ein ungarischer Medizinger\u00e4te-Hersteller \u2013 Celitron Medical Technologies Kft. \u2013 mit der Produktion modernster Beatmungsger\u00e4te. Im Rahmen dieses Projekts werden [&hellip;]","og_url":"https:\/\/www.jglobe.hu\/de\/2020\/05\/29\/beatmungsgeraete-projekt-fuer-die-intensivstation\/","og_site_name":"Julius-Globe","article_publisher":"https:\/\/www.facebook.com\/juliusglobekft\/?locale=hu_HU","article_published_time":"2020-05-29T16:00:45+00:00","article_modified_time":"2026-04-22T17:56:42+00:00","og_image":[{"width":1920,"height":1280,"url":"https:\/\/www.jglobe.hu\/wp-content\/uploads\/2020\/05\/kiemelt_kep.jpg","type":"image\/jpeg"}],"author":"jutasig","twitter_card":"summary_large_image","twitter_misc":{"Verfasst von":"jutasig","Gesch\u00e4tzte Lesezeit":"1\u00a0Minute"},"schema":{"@context":"https:\/\/schema.org","@graph":[{"@type":"Article","@id":"https:\/\/www.jglobe.hu\/de\/2020\/05\/29\/beatmungsgeraete-projekt-fuer-die-intensivstation\/#article","isPartOf":{"@id":"https:\/\/www.jglobe.hu\/de\/2020\/05\/29\/beatmungsgeraete-projekt-fuer-die-intensivstation\/"},"author":{"name":"jutasig","@id":"https:\/\/www.jglobe.hu\/#\/schema\/person\/361a3054bee6a4006160f5bd2457508e"},"headline":"Beatmungsger\u00e4te-Projekt f\u00fcr die Intensivstation","datePublished":"2020-05-29T16:00:45+00:00","dateModified":"2026-04-22T17:56:42+00:00","mainEntityOfPage":{"@id":"https:\/\/www.jglobe.hu\/de\/2020\/05\/29\/beatmungsgeraete-projekt-fuer-die-intensivstation\/"},"wordCount":137,"publisher":{"@id":"https:\/\/www.jglobe.hu\/#organization"},"image":{"@id":"https:\/\/www.jglobe.hu\/de\/2020\/05\/29\/beatmungsgeraete-projekt-fuer-die-intensivstation\/#primaryimage"},"thumbnailUrl":"https:\/\/www.jglobe.hu\/wp-content\/uploads\/2020\/05\/kiemelt_kep.jpg","articleSection":["Neuigkeiten"],"inLanguage":"de"},{"@type":"WebPage","@id":"https:\/\/www.jglobe.hu\/de\/2020\/05\/29\/beatmungsgeraete-projekt-fuer-die-intensivstation\/","url":"https:\/\/www.jglobe.hu\/de\/2020\/05\/29\/beatmungsgeraete-projekt-fuer-die-intensivstation\/","name":"Beatmungsger\u00e4te-Projekt f\u00fcr die Intensivstation - Julius-Globe","isPartOf":{"@id":"https:\/\/www.jglobe.hu\/#website"},"primaryImageOfPage":{"@id":"https:\/\/www.jglobe.hu\/de\/2020\/05\/29\/beatmungsgeraete-projekt-fuer-die-intensivstation\/#primaryimage"},"image":{"@id":"https:\/\/www.jglobe.hu\/de\/2020\/05\/29\/beatmungsgeraete-projekt-fuer-die-intensivstation\/#primaryimage"},"thumbnailUrl":"https:\/\/www.jglobe.hu\/wp-content\/uploads\/2020\/05\/kiemelt_kep.jpg","datePublished":"2020-05-29T16:00:45+00:00","dateModified":"2026-04-22T17:56:42+00:00","breadcrumb":{"@id":"https:\/\/www.jglobe.hu\/de\/2020\/05\/29\/beatmungsgeraete-projekt-fuer-die-intensivstation\/#breadcrumb"},"inLanguage":"de","potentialAction":[{"@type":"ReadAction","target":["https:\/\/www.jglobe.hu\/de\/2020\/05\/29\/beatmungsgeraete-projekt-fuer-die-intensivstation\/"]}]},{"@type":"ImageObject","inLanguage":"de","@id":"https:\/\/www.jglobe.hu\/de\/2020\/05\/29\/beatmungsgeraete-projekt-fuer-die-intensivstation\/#primaryimage","url":"https:\/\/www.jglobe.hu\/wp-content\/uploads\/2020\/05\/kiemelt_kep.jpg","contentUrl":"https:\/\/www.jglobe.hu\/wp-content\/uploads\/2020\/05\/kiemelt_kep.jpg","width":1920,"height":1280},{"@type":"BreadcrumbList","@id":"https:\/\/www.jglobe.hu\/de\/2020\/05\/29\/beatmungsgeraete-projekt-fuer-die-intensivstation\/#breadcrumb","itemListElement":[{"@type":"ListItem","position":1,"name":"Kezd\u0151lap","item":"https:\/\/www.jglobe.hu\/de\/"},{"@type":"ListItem","position":2,"name":"Beatmungsger\u00e4te-Projekt f\u00fcr die Intensivstation"}]},{"@type":"WebSite","@id":"https:\/\/www.jglobe.hu\/#website","url":"https:\/\/www.jglobe.hu\/","name":"Julius-Globe","description":"A NAVIGATOR f\u00e9mipari tud\u00e1sk\u00f6zpontja","publisher":{"@id":"https:\/\/www.jglobe.hu\/#organization"},"potentialAction":[{"@type":"SearchAction","target":{"@type":"EntryPoint","urlTemplate":"https:\/\/www.jglobe.hu\/?s={search_term_string}"},"query-input":{"@type":"PropertyValueSpecification","valueRequired":true,"valueName":"search_term_string"}}],"inLanguage":"de"},{"@type":"Organization","@id":"https:\/\/www.jglobe.hu\/#organization","name":"Julius-Globe","url":"https:\/\/www.jglobe.hu\/","logo":{"@type":"ImageObject","inLanguage":"de","@id":"https:\/\/www.jglobe.hu\/#\/schema\/logo\/image\/","url":"https:\/\/www.jglobe.hu\/wp-content\/uploads\/2026\/03\/JG-fekvo-szines-kicsi.png","contentUrl":"https:\/\/www.jglobe.hu\/wp-content\/uploads\/2026\/03\/JG-fekvo-szines-kicsi.png","width":2484,"height":1069,"caption":"Julius-Globe"},"image":{"@id":"https:\/\/www.jglobe.hu\/#\/schema\/logo\/image\/"},"sameAs":["https:\/\/www.facebook.com\/juliusglobekft\/?locale=hu_HU"]},{"@type":"Person","@id":"https:\/\/www.jglobe.hu\/#\/schema\/person\/361a3054bee6a4006160f5bd2457508e","name":"jutasig","image":{"@type":"ImageObject","inLanguage":"de","@id":"https:\/\/secure.gravatar.com\/avatar\/5a40f680def40ab5386bcfee625b43b0a65605cb9624050afd5153d2acbcd338?s=96&d=mm&r=g","url":"https:\/\/secure.gravatar.com\/avatar\/5a40f680def40ab5386bcfee625b43b0a65605cb9624050afd5153d2acbcd338?s=96&d=mm&r=g","contentUrl":"https:\/\/secure.gravatar.com\/avatar\/5a40f680def40ab5386bcfee625b43b0a65605cb9624050afd5153d2acbcd338?s=96&d=mm&r=g","caption":"jutasig"},"sameAs":["https:\/\/https:\/\/www.jglobe.hu\/"],"url":"https:\/\/www.jglobe.hu\/de\/author\/jutasig\/"}]}},"_links":{"self":[{"href":"https:\/\/www.jglobe.hu\/de\/wp-json\/wp\/v2\/posts\/5547","targetHints":{"allow":["GET"]}}],"collection":[{"href":"https:\/\/www.jglobe.hu\/de\/wp-json\/wp\/v2\/posts"}],"about":[{"href":"https:\/\/www.jglobe.hu\/de\/wp-json\/wp\/v2\/types\/post"}],"author":[{"embeddable":true,"href":"https:\/\/www.jglobe.hu\/de\/wp-json\/wp\/v2\/users\/1"}],"replies":[{"embeddable":true,"href":"https:\/\/www.jglobe.hu\/de\/wp-json\/wp\/v2\/comments?post=5547"}],"version-history":[{"count":1,"href":"https:\/\/www.jglobe.hu\/de\/wp-json\/wp\/v2\/posts\/5547\/revisions"}],"predecessor-version":[{"id":5551,"href":"https:\/\/www.jglobe.hu\/de\/wp-json\/wp\/v2\/posts\/5547\/revisions\/5551"}],"wp:featuredmedia":[{"embeddable":true,"href":"https:\/\/www.jglobe.hu\/de\/wp-json\/wp\/v2\/media\/5546"}],"wp:attachment":[{"href":"https:\/\/www.jglobe.hu\/de\/wp-json\/wp\/v2\/media?parent=5547"}],"wp:term":[{"taxonomy":"category","embeddable":true,"href":"https:\/\/www.jglobe.hu\/de\/wp-json\/wp\/v2\/categories?post=5547"},{"taxonomy":"post_tag","embeddable":true,"href":"https:\/\/www.jglobe.hu\/de\/wp-json\/wp\/v2\/tags?post=5547"}],"curies":[{"name":"wp","href":"https:\/\/api.w.org\/{rel}","templated":true}]}}