{"id":5596,"date":"2017-01-26T16:00:45","date_gmt":"2017-01-26T16:00:45","guid":{"rendered":"https:\/\/www.jglobe.hu\/2017\/01\/26\/ein-ungarisches-kmu-tritt-in-einem-renommierten-wettbewerb-an\/"},"modified":"2017-01-26T16:00:45","modified_gmt":"2017-01-26T16:00:45","slug":"ein-ungarisches-kmu-tritt-in-einem-renommierten-wettbewerb-an","status":"publish","type":"post","link":"https:\/\/www.jglobe.hu\/de\/2017\/01\/26\/ein-ungarisches-kmu-tritt-in-einem-renommierten-wettbewerb-an\/","title":{"rendered":"Ein ungarisches KMU tritt in einem renommierten Wettbewerb an"},"content":{"rendered":"<div style=\"text-align: justify;\">\n<div class=\"articlelead marginbottom\">\n<p class=\"p1\">Ein kleines Unternehmen aus Gy\u0151r\u00fajbar\u00e1t hat die zweite Runde des Wettbewerbs um den European Business Award erreicht.<\/p>\n<p><\/p>\n<p class=\"p1\">Die Julius-Globe Kft. tritt in der Kategorie Unternehmer des Jahres an \u2013 ein Titel, der noch nie an ein ungarisches Unternehmen vergeben wurde. Jedes Jahr nehmen mehr als 30.000 Unternehmen aus 34 L\u00e4ndern an dem Wettbewerb teil. Auf Grundlage der Vorstellungsvideos der Nationalen Champions w\u00e4hlt eine Fachjury in jeder Kategorie die besten Unternehmen aus und zeichnet sie aus. Attila Andor interviewte Erika R\u00e1cz, Qualit\u00e4tsleiterin des ungarischen Maschinenbauteile-Herstellers.    <\/p>\n<p><\/p>\n<p class=\"p1\">Das Interview k\u00f6nnen Sie hier anh\u00f6ren:<\/p>\n<p><\/p>\n<div style=\"text-align: left;\"><a style=\"display: inline-block; background-color: #2c3b59 !important; color: #ffffff !important; font-family: 'Montserrat', sans-serif; font-weight: 600; text-transform: uppercase; letter-spacing: 1px; border: 2px solid #2c3b59; border-radius: 4px; padding: 1px 24px 14px 24px; line-height: 1; text-decoration: none; transition: all 0.3s ease;\" href=\"https:\/\/trendfm.hu\/cimlap\/rangos-versenyen-merkozik-egy-magyar-kkv-7958\" target=\"_blank\" rel=\"noopener\" onmouseover=\"this.style.backgroundColor='transparent'; this.style.color='#2c3b59';\" onmouseout=\"this.style.backgroundColor='#2c3b59'; this.style.color='#ffffff';\"><br \/>\nIch h\u00f6re mir das Interview an.<br \/>\n<\/a><\/div>\n<\/div>\n<\/div>\n","protected":false},"excerpt":{"rendered":"<p>Ein kleines Unternehmen aus Gy\u0151r\u00fajbar\u00e1t hat die zweite Runde des Wettbewerbs um den European Business Award erreicht. Die Julius-Globe Kft. tritt in der Kategorie Unternehmer des Jahres an \u2013 ein Titel, der noch nie an ein ungarisches Unternehmen vergeben wurde. Jedes Jahr nehmen mehr als 30.000 Unternehmen aus 34 L\u00e4ndern an dem Wettbewerb teil. Auf [&hellip;]<\/p>\n","protected":false},"author":1,"featured_media":5595,"comment_status":"closed","ping_status":"open","sticky":false,"template":"","format":"standard","meta":{"footnotes":""},"categories":[171],"tags":[],"class_list":["post-5596","post","type-post","status-publish","format-standard","has-post-thumbnail","hentry","category-neuigkeiten"],"yoast_head":"<!-- This site is optimized with the Yoast SEO plugin v27.4 - https:\/\/yoast.com\/product\/yoast-seo-wordpress\/ -->\n<title>Ein ungarisches KMU tritt in einem renommierten Wettbewerb an - Julius-Globe<\/title>\n<meta name=\"robots\" content=\"index, follow, max-snippet:-1, max-image-preview:large, max-video-preview:-1\" \/>\n<link rel=\"canonical\" href=\"https:\/\/www.jglobe.hu\/de\/2017\/01\/26\/ein-ungarisches-kmu-tritt-in-einem-renommierten-wettbewerb-an\/\" \/>\n<meta property=\"og:locale\" content=\"de_DE\" \/>\n<meta property=\"og:type\" content=\"article\" \/>\n<meta property=\"og:title\" content=\"Ein ungarisches KMU tritt in einem renommierten Wettbewerb an - Julius-Globe\" \/>\n<meta property=\"og:description\" content=\"Ein kleines Unternehmen aus Gy\u0151r\u00fajbar\u00e1t hat die zweite Runde des Wettbewerbs um den European Business Award erreicht. Die Julius-Globe Kft. tritt in der Kategorie Unternehmer des Jahres an \u2013 ein Titel, der noch nie an ein ungarisches Unternehmen vergeben wurde. Jedes Jahr nehmen mehr als 30.000 Unternehmen aus 34 L\u00e4ndern an dem Wettbewerb teil. Auf [&hellip;]\" \/>\n<meta property=\"og:url\" content=\"https:\/\/www.jglobe.hu\/de\/2017\/01\/26\/ein-ungarisches-kmu-tritt-in-einem-renommierten-wettbewerb-an\/\" \/>\n<meta property=\"og:site_name\" content=\"Julius-Globe\" \/>\n<meta property=\"article:publisher\" content=\"https:\/\/www.facebook.com\/juliusglobekft\/?locale=hu_HU\" \/>\n<meta property=\"article:published_time\" content=\"2017-01-26T16:00:45+00:00\" \/>\n<meta property=\"og:image\" content=\"https:\/\/www.jglobe.hu\/wp-content\/uploads\/2017\/01\/trend_fm.jpg\" \/>\n\t<meta property=\"og:image:width\" content=\"1920\" \/>\n\t<meta property=\"og:image:height\" content=\"1280\" \/>\n\t<meta property=\"og:image:type\" content=\"image\/jpeg\" \/>\n<meta name=\"author\" content=\"jutasig\" \/>\n<meta name=\"twitter:card\" content=\"summary_large_image\" \/>\n<meta name=\"twitter:label1\" content=\"Verfasst von\" \/>\n\t<meta name=\"twitter:data1\" content=\"jutasig\" \/>\n\t<meta name=\"twitter:label2\" content=\"Gesch\u00e4tzte Lesezeit\" \/>\n\t<meta name=\"twitter:data2\" content=\"1\u00a0Minute\" \/>\n<script type=\"application\/ld+json\" class=\"yoast-schema-graph\">{\"@context\":\"https:\\\/\\\/schema.org\",\"@graph\":[{\"@type\":\"Article\",\"@id\":\"https:\\\/\\\/www.jglobe.hu\\\/de\\\/2017\\\/01\\\/26\\\/ein-ungarisches-kmu-tritt-in-einem-renommierten-wettbewerb-an\\\/#article\",\"isPartOf\":{\"@id\":\"https:\\\/\\\/www.jglobe.hu\\\/de\\\/2017\\\/01\\\/26\\\/ein-ungarisches-kmu-tritt-in-einem-renommierten-wettbewerb-an\\\/\"},\"author\":{\"name\":\"jutasig\",\"@id\":\"https:\\\/\\\/www.jglobe.hu\\\/#\\\/schema\\\/person\\\/361a3054bee6a4006160f5bd2457508e\"},\"headline\":\"Ein ungarisches KMU tritt in einem renommierten Wettbewerb an\",\"datePublished\":\"2017-01-26T16:00:45+00:00\",\"mainEntityOfPage\":{\"@id\":\"https:\\\/\\\/www.jglobe.hu\\\/de\\\/2017\\\/01\\\/26\\\/ein-ungarisches-kmu-tritt-in-einem-renommierten-wettbewerb-an\\\/\"},\"wordCount\":112,\"publisher\":{\"@id\":\"https:\\\/\\\/www.jglobe.hu\\\/#organization\"},\"image\":{\"@id\":\"https:\\\/\\\/www.jglobe.hu\\\/de\\\/2017\\\/01\\\/26\\\/ein-ungarisches-kmu-tritt-in-einem-renommierten-wettbewerb-an\\\/#primaryimage\"},\"thumbnailUrl\":\"https:\\\/\\\/www.jglobe.hu\\\/wp-content\\\/uploads\\\/2017\\\/01\\\/trend_fm.jpg\",\"articleSection\":[\"Neuigkeiten\"],\"inLanguage\":\"de\"},{\"@type\":\"WebPage\",\"@id\":\"https:\\\/\\\/www.jglobe.hu\\\/de\\\/2017\\\/01\\\/26\\\/ein-ungarisches-kmu-tritt-in-einem-renommierten-wettbewerb-an\\\/\",\"url\":\"https:\\\/\\\/www.jglobe.hu\\\/de\\\/2017\\\/01\\\/26\\\/ein-ungarisches-kmu-tritt-in-einem-renommierten-wettbewerb-an\\\/\",\"name\":\"Ein ungarisches KMU tritt in einem renommierten Wettbewerb an - Julius-Globe\",\"isPartOf\":{\"@id\":\"https:\\\/\\\/www.jglobe.hu\\\/#website\"},\"primaryImageOfPage\":{\"@id\":\"https:\\\/\\\/www.jglobe.hu\\\/de\\\/2017\\\/01\\\/26\\\/ein-ungarisches-kmu-tritt-in-einem-renommierten-wettbewerb-an\\\/#primaryimage\"},\"image\":{\"@id\":\"https:\\\/\\\/www.jglobe.hu\\\/de\\\/2017\\\/01\\\/26\\\/ein-ungarisches-kmu-tritt-in-einem-renommierten-wettbewerb-an\\\/#primaryimage\"},\"thumbnailUrl\":\"https:\\\/\\\/www.jglobe.hu\\\/wp-content\\\/uploads\\\/2017\\\/01\\\/trend_fm.jpg\",\"datePublished\":\"2017-01-26T16:00:45+00:00\",\"breadcrumb\":{\"@id\":\"https:\\\/\\\/www.jglobe.hu\\\/de\\\/2017\\\/01\\\/26\\\/ein-ungarisches-kmu-tritt-in-einem-renommierten-wettbewerb-an\\\/#breadcrumb\"},\"inLanguage\":\"de\",\"potentialAction\":[{\"@type\":\"ReadAction\",\"target\":[\"https:\\\/\\\/www.jglobe.hu\\\/de\\\/2017\\\/01\\\/26\\\/ein-ungarisches-kmu-tritt-in-einem-renommierten-wettbewerb-an\\\/\"]}]},{\"@type\":\"ImageObject\",\"inLanguage\":\"de\",\"@id\":\"https:\\\/\\\/www.jglobe.hu\\\/de\\\/2017\\\/01\\\/26\\\/ein-ungarisches-kmu-tritt-in-einem-renommierten-wettbewerb-an\\\/#primaryimage\",\"url\":\"https:\\\/\\\/www.jglobe.hu\\\/wp-content\\\/uploads\\\/2017\\\/01\\\/trend_fm.jpg\",\"contentUrl\":\"https:\\\/\\\/www.jglobe.hu\\\/wp-content\\\/uploads\\\/2017\\\/01\\\/trend_fm.jpg\",\"width\":1920,\"height\":1280},{\"@type\":\"BreadcrumbList\",\"@id\":\"https:\\\/\\\/www.jglobe.hu\\\/de\\\/2017\\\/01\\\/26\\\/ein-ungarisches-kmu-tritt-in-einem-renommierten-wettbewerb-an\\\/#breadcrumb\",\"itemListElement\":[{\"@type\":\"ListItem\",\"position\":1,\"name\":\"Kezd\u0151lap\",\"item\":\"https:\\\/\\\/www.jglobe.hu\\\/de\\\/\"},{\"@type\":\"ListItem\",\"position\":2,\"name\":\"Ein ungarisches KMU tritt in einem renommierten Wettbewerb an\"}]},{\"@type\":\"WebSite\",\"@id\":\"https:\\\/\\\/www.jglobe.hu\\\/#website\",\"url\":\"https:\\\/\\\/www.jglobe.hu\\\/\",\"name\":\"Julius-Globe\",\"description\":\"A NAVIGATOR f\u00e9mipari tud\u00e1sk\u00f6zpontja\",\"publisher\":{\"@id\":\"https:\\\/\\\/www.jglobe.hu\\\/#organization\"},\"potentialAction\":[{\"@type\":\"SearchAction\",\"target\":{\"@type\":\"EntryPoint\",\"urlTemplate\":\"https:\\\/\\\/www.jglobe.hu\\\/?s={search_term_string}\"},\"query-input\":{\"@type\":\"PropertyValueSpecification\",\"valueRequired\":true,\"valueName\":\"search_term_string\"}}],\"inLanguage\":\"de\"},{\"@type\":\"Organization\",\"@id\":\"https:\\\/\\\/www.jglobe.hu\\\/#organization\",\"name\":\"Julius-Globe\",\"url\":\"https:\\\/\\\/www.jglobe.hu\\\/\",\"logo\":{\"@type\":\"ImageObject\",\"inLanguage\":\"de\",\"@id\":\"https:\\\/\\\/www.jglobe.hu\\\/#\\\/schema\\\/logo\\\/image\\\/\",\"url\":\"https:\\\/\\\/www.jglobe.hu\\\/wp-content\\\/uploads\\\/2026\\\/03\\\/JG-fekvo-szines-kicsi.png\",\"contentUrl\":\"https:\\\/\\\/www.jglobe.hu\\\/wp-content\\\/uploads\\\/2026\\\/03\\\/JG-fekvo-szines-kicsi.png\",\"width\":2484,\"height\":1069,\"caption\":\"Julius-Globe\"},\"image\":{\"@id\":\"https:\\\/\\\/www.jglobe.hu\\\/#\\\/schema\\\/logo\\\/image\\\/\"},\"sameAs\":[\"https:\\\/\\\/www.facebook.com\\\/juliusglobekft\\\/?locale=hu_HU\"]},{\"@type\":\"Person\",\"@id\":\"https:\\\/\\\/www.jglobe.hu\\\/#\\\/schema\\\/person\\\/361a3054bee6a4006160f5bd2457508e\",\"name\":\"jutasig\",\"image\":{\"@type\":\"ImageObject\",\"inLanguage\":\"de\",\"@id\":\"https:\\\/\\\/secure.gravatar.com\\\/avatar\\\/5a40f680def40ab5386bcfee625b43b0a65605cb9624050afd5153d2acbcd338?s=96&d=mm&r=g\",\"url\":\"https:\\\/\\\/secure.gravatar.com\\\/avatar\\\/5a40f680def40ab5386bcfee625b43b0a65605cb9624050afd5153d2acbcd338?s=96&d=mm&r=g\",\"contentUrl\":\"https:\\\/\\\/secure.gravatar.com\\\/avatar\\\/5a40f680def40ab5386bcfee625b43b0a65605cb9624050afd5153d2acbcd338?s=96&d=mm&r=g\",\"caption\":\"jutasig\"},\"sameAs\":[\"https:\\\/\\\/https:\\\/\\\/www.jglobe.hu\\\/\"],\"url\":\"https:\\\/\\\/www.jglobe.hu\\\/de\\\/author\\\/jutasig\\\/\"}]}<\/script>\n<!-- \/ Yoast SEO plugin. -->","yoast_head_json":{"title":"Ein ungarisches KMU tritt in einem renommierten Wettbewerb an - Julius-Globe","robots":{"index":"index","follow":"follow","max-snippet":"max-snippet:-1","max-image-preview":"max-image-preview:large","max-video-preview":"max-video-preview:-1"},"canonical":"https:\/\/www.jglobe.hu\/de\/2017\/01\/26\/ein-ungarisches-kmu-tritt-in-einem-renommierten-wettbewerb-an\/","og_locale":"de_DE","og_type":"article","og_title":"Ein ungarisches KMU tritt in einem renommierten Wettbewerb an - Julius-Globe","og_description":"Ein kleines Unternehmen aus Gy\u0151r\u00fajbar\u00e1t hat die zweite Runde des Wettbewerbs um den European Business Award erreicht. Die Julius-Globe Kft. tritt in der Kategorie Unternehmer des Jahres an \u2013 ein Titel, der noch nie an ein ungarisches Unternehmen vergeben wurde. Jedes Jahr nehmen mehr als 30.000 Unternehmen aus 34 L\u00e4ndern an dem Wettbewerb teil. Auf [&hellip;]","og_url":"https:\/\/www.jglobe.hu\/de\/2017\/01\/26\/ein-ungarisches-kmu-tritt-in-einem-renommierten-wettbewerb-an\/","og_site_name":"Julius-Globe","article_publisher":"https:\/\/www.facebook.com\/juliusglobekft\/?locale=hu_HU","article_published_time":"2017-01-26T16:00:45+00:00","og_image":[{"width":1920,"height":1280,"url":"https:\/\/www.jglobe.hu\/wp-content\/uploads\/2017\/01\/trend_fm.jpg","type":"image\/jpeg"}],"author":"jutasig","twitter_card":"summary_large_image","twitter_misc":{"Verfasst von":"jutasig","Gesch\u00e4tzte Lesezeit":"1\u00a0Minute"},"schema":{"@context":"https:\/\/schema.org","@graph":[{"@type":"Article","@id":"https:\/\/www.jglobe.hu\/de\/2017\/01\/26\/ein-ungarisches-kmu-tritt-in-einem-renommierten-wettbewerb-an\/#article","isPartOf":{"@id":"https:\/\/www.jglobe.hu\/de\/2017\/01\/26\/ein-ungarisches-kmu-tritt-in-einem-renommierten-wettbewerb-an\/"},"author":{"name":"jutasig","@id":"https:\/\/www.jglobe.hu\/#\/schema\/person\/361a3054bee6a4006160f5bd2457508e"},"headline":"Ein ungarisches KMU tritt in einem renommierten Wettbewerb an","datePublished":"2017-01-26T16:00:45+00:00","mainEntityOfPage":{"@id":"https:\/\/www.jglobe.hu\/de\/2017\/01\/26\/ein-ungarisches-kmu-tritt-in-einem-renommierten-wettbewerb-an\/"},"wordCount":112,"publisher":{"@id":"https:\/\/www.jglobe.hu\/#organization"},"image":{"@id":"https:\/\/www.jglobe.hu\/de\/2017\/01\/26\/ein-ungarisches-kmu-tritt-in-einem-renommierten-wettbewerb-an\/#primaryimage"},"thumbnailUrl":"https:\/\/www.jglobe.hu\/wp-content\/uploads\/2017\/01\/trend_fm.jpg","articleSection":["Neuigkeiten"],"inLanguage":"de"},{"@type":"WebPage","@id":"https:\/\/www.jglobe.hu\/de\/2017\/01\/26\/ein-ungarisches-kmu-tritt-in-einem-renommierten-wettbewerb-an\/","url":"https:\/\/www.jglobe.hu\/de\/2017\/01\/26\/ein-ungarisches-kmu-tritt-in-einem-renommierten-wettbewerb-an\/","name":"Ein ungarisches KMU tritt in einem renommierten Wettbewerb an - Julius-Globe","isPartOf":{"@id":"https:\/\/www.jglobe.hu\/#website"},"primaryImageOfPage":{"@id":"https:\/\/www.jglobe.hu\/de\/2017\/01\/26\/ein-ungarisches-kmu-tritt-in-einem-renommierten-wettbewerb-an\/#primaryimage"},"image":{"@id":"https:\/\/www.jglobe.hu\/de\/2017\/01\/26\/ein-ungarisches-kmu-tritt-in-einem-renommierten-wettbewerb-an\/#primaryimage"},"thumbnailUrl":"https:\/\/www.jglobe.hu\/wp-content\/uploads\/2017\/01\/trend_fm.jpg","datePublished":"2017-01-26T16:00:45+00:00","breadcrumb":{"@id":"https:\/\/www.jglobe.hu\/de\/2017\/01\/26\/ein-ungarisches-kmu-tritt-in-einem-renommierten-wettbewerb-an\/#breadcrumb"},"inLanguage":"de","potentialAction":[{"@type":"ReadAction","target":["https:\/\/www.jglobe.hu\/de\/2017\/01\/26\/ein-ungarisches-kmu-tritt-in-einem-renommierten-wettbewerb-an\/"]}]},{"@type":"ImageObject","inLanguage":"de","@id":"https:\/\/www.jglobe.hu\/de\/2017\/01\/26\/ein-ungarisches-kmu-tritt-in-einem-renommierten-wettbewerb-an\/#primaryimage","url":"https:\/\/www.jglobe.hu\/wp-content\/uploads\/2017\/01\/trend_fm.jpg","contentUrl":"https:\/\/www.jglobe.hu\/wp-content\/uploads\/2017\/01\/trend_fm.jpg","width":1920,"height":1280},{"@type":"BreadcrumbList","@id":"https:\/\/www.jglobe.hu\/de\/2017\/01\/26\/ein-ungarisches-kmu-tritt-in-einem-renommierten-wettbewerb-an\/#breadcrumb","itemListElement":[{"@type":"ListItem","position":1,"name":"Kezd\u0151lap","item":"https:\/\/www.jglobe.hu\/de\/"},{"@type":"ListItem","position":2,"name":"Ein ungarisches KMU tritt in einem renommierten Wettbewerb an"}]},{"@type":"WebSite","@id":"https:\/\/www.jglobe.hu\/#website","url":"https:\/\/www.jglobe.hu\/","name":"Julius-Globe","description":"A NAVIGATOR f\u00e9mipari tud\u00e1sk\u00f6zpontja","publisher":{"@id":"https:\/\/www.jglobe.hu\/#organization"},"potentialAction":[{"@type":"SearchAction","target":{"@type":"EntryPoint","urlTemplate":"https:\/\/www.jglobe.hu\/?s={search_term_string}"},"query-input":{"@type":"PropertyValueSpecification","valueRequired":true,"valueName":"search_term_string"}}],"inLanguage":"de"},{"@type":"Organization","@id":"https:\/\/www.jglobe.hu\/#organization","name":"Julius-Globe","url":"https:\/\/www.jglobe.hu\/","logo":{"@type":"ImageObject","inLanguage":"de","@id":"https:\/\/www.jglobe.hu\/#\/schema\/logo\/image\/","url":"https:\/\/www.jglobe.hu\/wp-content\/uploads\/2026\/03\/JG-fekvo-szines-kicsi.png","contentUrl":"https:\/\/www.jglobe.hu\/wp-content\/uploads\/2026\/03\/JG-fekvo-szines-kicsi.png","width":2484,"height":1069,"caption":"Julius-Globe"},"image":{"@id":"https:\/\/www.jglobe.hu\/#\/schema\/logo\/image\/"},"sameAs":["https:\/\/www.facebook.com\/juliusglobekft\/?locale=hu_HU"]},{"@type":"Person","@id":"https:\/\/www.jglobe.hu\/#\/schema\/person\/361a3054bee6a4006160f5bd2457508e","name":"jutasig","image":{"@type":"ImageObject","inLanguage":"de","@id":"https:\/\/secure.gravatar.com\/avatar\/5a40f680def40ab5386bcfee625b43b0a65605cb9624050afd5153d2acbcd338?s=96&d=mm&r=g","url":"https:\/\/secure.gravatar.com\/avatar\/5a40f680def40ab5386bcfee625b43b0a65605cb9624050afd5153d2acbcd338?s=96&d=mm&r=g","contentUrl":"https:\/\/secure.gravatar.com\/avatar\/5a40f680def40ab5386bcfee625b43b0a65605cb9624050afd5153d2acbcd338?s=96&d=mm&r=g","caption":"jutasig"},"sameAs":["https:\/\/https:\/\/www.jglobe.hu\/"],"url":"https:\/\/www.jglobe.hu\/de\/author\/jutasig\/"}]}},"_links":{"self":[{"href":"https:\/\/www.jglobe.hu\/de\/wp-json\/wp\/v2\/posts\/5596","targetHints":{"allow":["GET"]}}],"collection":[{"href":"https:\/\/www.jglobe.hu\/de\/wp-json\/wp\/v2\/posts"}],"about":[{"href":"https:\/\/www.jglobe.hu\/de\/wp-json\/wp\/v2\/types\/post"}],"author":[{"embeddable":true,"href":"https:\/\/www.jglobe.hu\/de\/wp-json\/wp\/v2\/users\/1"}],"replies":[{"embeddable":true,"href":"https:\/\/www.jglobe.hu\/de\/wp-json\/wp\/v2\/comments?post=5596"}],"version-history":[{"count":0,"href":"https:\/\/www.jglobe.hu\/de\/wp-json\/wp\/v2\/posts\/5596\/revisions"}],"wp:featuredmedia":[{"embeddable":true,"href":"https:\/\/www.jglobe.hu\/de\/wp-json\/wp\/v2\/media\/5595"}],"wp:attachment":[{"href":"https:\/\/www.jglobe.hu\/de\/wp-json\/wp\/v2\/media?parent=5596"}],"wp:term":[{"taxonomy":"category","embeddable":true,"href":"https:\/\/www.jglobe.hu\/de\/wp-json\/wp\/v2\/categories?post=5596"},{"taxonomy":"post_tag","embeddable":true,"href":"https:\/\/www.jglobe.hu\/de\/wp-json\/wp\/v2\/tags?post=5596"}],"curies":[{"name":"wp","href":"https:\/\/api.w.org\/{rel}","templated":true}]}}