{"id":5598,"date":"2016-09-05T16:00:45","date_gmt":"2016-09-05T16:00:45","guid":{"rendered":"https:\/\/www.jglobe.hu\/2016\/09\/05\/als-nationaler-champion-werden-wir-ungarn-beim-europaeischen-wirtschaftspreis-2016-17-vertreten\/"},"modified":"2026-04-22T18:47:02","modified_gmt":"2026-04-22T18:47:02","slug":"als-nationaler-champion-werden-wir-ungarn-beim-europaeischen-wirtschaftspreis-2016-17-vertreten","status":"publish","type":"post","link":"https:\/\/www.jglobe.hu\/de\/2016\/09\/05\/als-nationaler-champion-werden-wir-ungarn-beim-europaeischen-wirtschaftspreis-2016-17-vertreten\/","title":{"rendered":"Als Nationaler Champion werden wir Ungarn beim Europ\u00e4ischen Wirtschaftspreis 2016\/17 vertreten"},"content":{"rendered":"<div style=\"text-align: justify;\">\n<p>Julius-Globe Kft. wurde im ersten Rundgang der European Business Awards (EBA) als Nationaler Champion ausgew\u00e4hlt<\/p>\n<p><strong>Als Nationaler Champion werden wir Ungarn beim Europ\u00e4ischen Wirtschaftspreis 2016\/17 vertreten <\/strong><\/p>\n<p>Die JULIUS-GLOBE KFT. wurde als Nationaler Champion UNGARNS f\u00fcr den von RSM unterst\u00fctzten Europ\u00e4ischen Wirtschaftspreis nominiert \u2013 Europas gr\u00f6\u00dftem Wirtschaftswettbewerb, der unternehmerische Exzellenz und Best Practices in der europ\u00e4ischen Wirtschaftsgemeinschaft auszeichnet.<\/p>\n<p>Der nunmehr zum 10. Mal ausgetragene Wettbewerb wird von Unternehmensf\u00fchrern, Wissenschaftlern und politischen Vertretern aus ganz Europa unterst\u00fctzt und umfasst in diesem Jahr mehr als 33.000 Unternehmen aus 34 L\u00e4ndern.<\/p>\n<p>Die JULIUS-GLOBE KFT. wurde nach der ersten Bewertungsrunde von einem unabh\u00e4ngigen Komitee ausgew\u00e4hlt. Die Bewertung erfolgte anhand der EBA-Richtlinien zu Innovation, Ethik und Erfolg; der Wettbewerb tritt nun in seine zweite Runde ein, bestehend aus einem Video-Beitrag und einer \u00f6ffentlichen Abstimmung.<\/p>\n<p>Qualit\u00e4tsleiterin Erika R\u00e1cz bemerkt: \u201eWir sind sehr stolz darauf, als Nationaler Champion zur Vertretung UNGARNS ausgew\u00e4hlt worden zu sein. Der Europ\u00e4ische Wirtschaftspreis ist weithin als Plattform f\u00fcr Europas dynamischste Unternehmen bekannt, und wir sind stolz, auf diesem Niveau anerkannt zu werden.&#8220;<\/p>\n<p>Adrian Tripp, Gesch\u00e4ftsf\u00fchrender Direktor des Europ\u00e4ischen Wirtschaftspreises, sagte: \u201eIch gratuliere der Julius-Globe Kft., die als Nationaler Champion ihr Land vertreten wird. Sie spielen eine zentrale Rolle f\u00fcr den Erfolg der starken europ\u00e4ischen Wirtschaftsgemeinschaft und haben die von uns geforderten Grunds\u00e4tze der Innovation, Ethik und des Erfolgs unter Beweis gestellt.&#8220;<\/p>\n<p>In der n\u00e4chsten Runde m\u00fcssen die Nationalen Champions ein Vorstellungsvideo erstellen, in dem sie ihre Geschichte erz\u00e4hlen und das Geheimnis ihres Unternehmenserfolgs erl\u00e4utern. Die unabh\u00e4ngige Jury des Wettbewerbs zeichnet die Besten jeder Gruppe mit dem Status \u201eRuban d&#8217;Honneur&#8220; aus, und die ausgew\u00e4hlten Unternehmen k\u00f6nnen 2017 am Gro\u00dfen Finale teilnehmen.<\/p>\n<p>Gesondert davon werden die Videos im Rahmen einer zweistufigen \u00f6ffentlichen Abstimmung auf der Website des Europ\u00e4ischen Wirtschaftspreises pr\u00e4sentiert, und das Unternehmen, das in seinem Land die meisten Stimmen erh\u00e4lt, wird zum \u201enationalen Publikumschampion&#8220;. Im vergangenen Jahr wurden mehr als 227.000 Stimmen gez\u00e4hlt, da die Unternehmen weltweit von ihren Kunden, Mitarbeitern und F\u00fchrungskr\u00e4ften sowie der breiten \u00d6ffentlichkeit unterst\u00fctzt wurden.<\/p>\n<p>Der Hauptsponsor RSM \u2013 das sechstgr\u00f6\u00dfte internationale Netzwerk unabh\u00e4ngiger Wirtschaftspr\u00fcfungs-, Steuer- und Beratungsgesellschaften \u2013 unterst\u00fctzt den Europ\u00e4ischen Wirtschaftspreis von Anfang an. Das prim\u00e4re Ziel des Wettbewerbs ist es, die Entwicklung einer st\u00e4rkeren und erfolgreicheren Wirtschaftsgemeinschaft in ganz Europa zu f\u00f6rdern. Weitere Unterst\u00fctzer und Partner sind UK Trade and Investment, ELITE und PR Newswire.<\/p>\n<p>Im Wettbewerb 2015\/16 waren alle EU-M\u00e4rkte vertreten, zusammen mit der T\u00fcrkei, Norwegen, der Schweiz, Serbien und der ehemaligen jugoslawischen Republik Mazedonien. Ihr kombinierter Umsatz \u00fcberstieg 1,2 Billionen Euro, und sie besch\u00e4ftigten mehr als 2,5 Millionen Menschen.<\/p>\n<p>Weitere Informationen zu den Gewinnern, den European Business Awards und RSM:<\/p>\n<div style=\"text-align: left; display: flex; flex-wrap: wrap; gap: 10px;\">\n<p><a style=\"display: inline-block; background-color: #2c3b59 !important; color: #ffffff !important; font-family: 'Montserrat', sans-serif; font-weight: 600; text-transform: uppercase; letter-spacing: 1px; border: 2px solid #2c3b59; border-radius: 4px; padding: 14px 24px 14px 24px; line-height: 1; text-decoration: none; transition: all 0.3s ease;\" href=\"http:\/\/www.businessawardseurope.com\/\" target=\"_blank\" rel=\"noopener\">European Business Awards<\/a><\/p>\n<p><a style=\"display: inline-block; background-color: #2c3b59 !important; color: #ffffff !important; font-family: 'Montserrat', sans-serif; font-weight: 600; text-transform: uppercase; letter-spacing: 1px; border: 2px solid #2c3b59; border-radius: 4px; padding: 1px 24px 12px 24px; line-height: 1; text-decoration: none; transition: all 0.3s ease;\" href=\"http:\/\/www.rsmi.com\/\" target=\"_blank\" rel=\"noopener\"><br \/>\nRSM International<br \/>\n<\/a><\/p>\n<p><a style=\"display: inline-block; background-color: #2c3b59 !important; color: #ffffff !important; font-family: 'Montserrat', sans-serif; font-weight: 600; text-transform: uppercase; letter-spacing: 1px; border: 2px solid #2c3b59; border-radius: 4px; padding: 14px 24px 14px 24px; line-height: 1; text-decoration: none; transition: all 0.3s ease;\" href=\"https:\/\/twitter.com\/hashtag\/rsmEBA\" target=\"_blank\" rel=\"noopener\">@rsmEBA Twitter<\/a><\/p>\n<\/div>\n<\/div>\n","protected":false},"excerpt":{"rendered":"<p>Julius-Globe Kft. wurde im ersten Rundgang der European Business Awards (EBA) als Nationaler Champion ausgew\u00e4hlt Als Nationaler Champion werden wir Ungarn beim Europ\u00e4ischen Wirtschaftspreis 2016\/17 vertreten Die JULIUS-GLOBE KFT. wurde als Nationaler Champion UNGARNS f\u00fcr den von RSM unterst\u00fctzten Europ\u00e4ischen Wirtschaftspreis nominiert \u2013 Europas gr\u00f6\u00dftem Wirtschaftswettbewerb, der unternehmerische Exzellenz und Best Practices in der europ\u00e4ischen [&hellip;]<\/p>\n","protected":false},"author":1,"featured_media":5597,"comment_status":"closed","ping_status":"open","sticky":false,"template":"","format":"standard","meta":{"footnotes":""},"categories":[171],"tags":[],"class_list":["post-5598","post","type-post","status-publish","format-standard","has-post-thumbnail","hentry","category-neuigkeiten"],"yoast_head":"<!-- This site is optimized with the Yoast SEO plugin v27.4 - https:\/\/yoast.com\/product\/yoast-seo-wordpress\/ -->\n<title>Als Nationaler Champion werden wir Ungarn beim Europ\u00e4ischen Wirtschaftspreis 2016\/17 vertreten - Julius-Globe<\/title>\n<meta name=\"robots\" content=\"index, follow, max-snippet:-1, max-image-preview:large, max-video-preview:-1\" \/>\n<link rel=\"canonical\" href=\"https:\/\/www.jglobe.hu\/de\/2016\/09\/05\/als-nationaler-champion-werden-wir-ungarn-beim-europaeischen-wirtschaftspreis-2016-17-vertreten\/\" \/>\n<meta property=\"og:locale\" content=\"de_DE\" \/>\n<meta property=\"og:type\" content=\"article\" \/>\n<meta property=\"og:title\" content=\"Als Nationaler Champion werden wir Ungarn beim Europ\u00e4ischen Wirtschaftspreis 2016\/17 vertreten - Julius-Globe\" \/>\n<meta property=\"og:description\" content=\"Julius-Globe Kft. wurde im ersten Rundgang der European Business Awards (EBA) als Nationaler Champion ausgew\u00e4hlt Als Nationaler Champion werden wir Ungarn beim Europ\u00e4ischen Wirtschaftspreis 2016\/17 vertreten Die JULIUS-GLOBE KFT. wurde als Nationaler Champion UNGARNS f\u00fcr den von RSM unterst\u00fctzten Europ\u00e4ischen Wirtschaftspreis nominiert \u2013 Europas gr\u00f6\u00dftem Wirtschaftswettbewerb, der unternehmerische Exzellenz und Best Practices in der europ\u00e4ischen [&hellip;]\" \/>\n<meta property=\"og:url\" content=\"https:\/\/www.jglobe.hu\/de\/2016\/09\/05\/als-nationaler-champion-werden-wir-ungarn-beim-europaeischen-wirtschaftspreis-2016-17-vertreten\/\" \/>\n<meta property=\"og:site_name\" content=\"Julius-Globe\" \/>\n<meta property=\"article:publisher\" content=\"https:\/\/www.facebook.com\/juliusglobekft\/?locale=hu_HU\" \/>\n<meta property=\"article:published_time\" content=\"2016-09-05T16:00:45+00:00\" \/>\n<meta property=\"article:modified_time\" content=\"2026-04-22T18:47:02+00:00\" \/>\n<meta property=\"og:image\" content=\"https:\/\/www.jglobe.hu\/wp-content\/uploads\/2016\/09\/nemzeti_bajnok_kiemelt.jpg\" \/>\n\t<meta property=\"og:image:width\" content=\"1920\" \/>\n\t<meta property=\"og:image:height\" content=\"1280\" \/>\n\t<meta property=\"og:image:type\" content=\"image\/jpeg\" \/>\n<meta name=\"author\" content=\"jutasig\" \/>\n<meta name=\"twitter:card\" content=\"summary_large_image\" \/>\n<meta name=\"twitter:label1\" content=\"Verfasst von\" \/>\n\t<meta name=\"twitter:data1\" content=\"jutasig\" \/>\n\t<meta name=\"twitter:label2\" content=\"Gesch\u00e4tzte Lesezeit\" \/>\n\t<meta name=\"twitter:data2\" content=\"3\u00a0Minuten\" \/>\n<script type=\"application\/ld+json\" class=\"yoast-schema-graph\">{\"@context\":\"https:\\\/\\\/schema.org\",\"@graph\":[{\"@type\":\"Article\",\"@id\":\"https:\\\/\\\/www.jglobe.hu\\\/de\\\/2016\\\/09\\\/05\\\/als-nationaler-champion-werden-wir-ungarn-beim-europaeischen-wirtschaftspreis-2016-17-vertreten\\\/#article\",\"isPartOf\":{\"@id\":\"https:\\\/\\\/www.jglobe.hu\\\/de\\\/2016\\\/09\\\/05\\\/als-nationaler-champion-werden-wir-ungarn-beim-europaeischen-wirtschaftspreis-2016-17-vertreten\\\/\"},\"author\":{\"name\":\"jutasig\",\"@id\":\"https:\\\/\\\/www.jglobe.hu\\\/#\\\/schema\\\/person\\\/361a3054bee6a4006160f5bd2457508e\"},\"headline\":\"Als Nationaler Champion werden wir Ungarn beim Europ\u00e4ischen Wirtschaftspreis 2016\\\/17 vertreten\",\"datePublished\":\"2016-09-05T16:00:45+00:00\",\"dateModified\":\"2026-04-22T18:47:02+00:00\",\"mainEntityOfPage\":{\"@id\":\"https:\\\/\\\/www.jglobe.hu\\\/de\\\/2016\\\/09\\\/05\\\/als-nationaler-champion-werden-wir-ungarn-beim-europaeischen-wirtschaftspreis-2016-17-vertreten\\\/\"},\"wordCount\":482,\"publisher\":{\"@id\":\"https:\\\/\\\/www.jglobe.hu\\\/#organization\"},\"image\":{\"@id\":\"https:\\\/\\\/www.jglobe.hu\\\/de\\\/2016\\\/09\\\/05\\\/als-nationaler-champion-werden-wir-ungarn-beim-europaeischen-wirtschaftspreis-2016-17-vertreten\\\/#primaryimage\"},\"thumbnailUrl\":\"https:\\\/\\\/www.jglobe.hu\\\/wp-content\\\/uploads\\\/2016\\\/09\\\/nemzeti_bajnok_kiemelt.jpg\",\"articleSection\":[\"Neuigkeiten\"],\"inLanguage\":\"de\"},{\"@type\":\"WebPage\",\"@id\":\"https:\\\/\\\/www.jglobe.hu\\\/de\\\/2016\\\/09\\\/05\\\/als-nationaler-champion-werden-wir-ungarn-beim-europaeischen-wirtschaftspreis-2016-17-vertreten\\\/\",\"url\":\"https:\\\/\\\/www.jglobe.hu\\\/de\\\/2016\\\/09\\\/05\\\/als-nationaler-champion-werden-wir-ungarn-beim-europaeischen-wirtschaftspreis-2016-17-vertreten\\\/\",\"name\":\"Als Nationaler Champion werden wir Ungarn beim Europ\u00e4ischen Wirtschaftspreis 2016\\\/17 vertreten - Julius-Globe\",\"isPartOf\":{\"@id\":\"https:\\\/\\\/www.jglobe.hu\\\/#website\"},\"primaryImageOfPage\":{\"@id\":\"https:\\\/\\\/www.jglobe.hu\\\/de\\\/2016\\\/09\\\/05\\\/als-nationaler-champion-werden-wir-ungarn-beim-europaeischen-wirtschaftspreis-2016-17-vertreten\\\/#primaryimage\"},\"image\":{\"@id\":\"https:\\\/\\\/www.jglobe.hu\\\/de\\\/2016\\\/09\\\/05\\\/als-nationaler-champion-werden-wir-ungarn-beim-europaeischen-wirtschaftspreis-2016-17-vertreten\\\/#primaryimage\"},\"thumbnailUrl\":\"https:\\\/\\\/www.jglobe.hu\\\/wp-content\\\/uploads\\\/2016\\\/09\\\/nemzeti_bajnok_kiemelt.jpg\",\"datePublished\":\"2016-09-05T16:00:45+00:00\",\"dateModified\":\"2026-04-22T18:47:02+00:00\",\"breadcrumb\":{\"@id\":\"https:\\\/\\\/www.jglobe.hu\\\/de\\\/2016\\\/09\\\/05\\\/als-nationaler-champion-werden-wir-ungarn-beim-europaeischen-wirtschaftspreis-2016-17-vertreten\\\/#breadcrumb\"},\"inLanguage\":\"de\",\"potentialAction\":[{\"@type\":\"ReadAction\",\"target\":[\"https:\\\/\\\/www.jglobe.hu\\\/de\\\/2016\\\/09\\\/05\\\/als-nationaler-champion-werden-wir-ungarn-beim-europaeischen-wirtschaftspreis-2016-17-vertreten\\\/\"]}]},{\"@type\":\"ImageObject\",\"inLanguage\":\"de\",\"@id\":\"https:\\\/\\\/www.jglobe.hu\\\/de\\\/2016\\\/09\\\/05\\\/als-nationaler-champion-werden-wir-ungarn-beim-europaeischen-wirtschaftspreis-2016-17-vertreten\\\/#primaryimage\",\"url\":\"https:\\\/\\\/www.jglobe.hu\\\/wp-content\\\/uploads\\\/2016\\\/09\\\/nemzeti_bajnok_kiemelt.jpg\",\"contentUrl\":\"https:\\\/\\\/www.jglobe.hu\\\/wp-content\\\/uploads\\\/2016\\\/09\\\/nemzeti_bajnok_kiemelt.jpg\",\"width\":1920,\"height\":1280},{\"@type\":\"BreadcrumbList\",\"@id\":\"https:\\\/\\\/www.jglobe.hu\\\/de\\\/2016\\\/09\\\/05\\\/als-nationaler-champion-werden-wir-ungarn-beim-europaeischen-wirtschaftspreis-2016-17-vertreten\\\/#breadcrumb\",\"itemListElement\":[{\"@type\":\"ListItem\",\"position\":1,\"name\":\"Kezd\u0151lap\",\"item\":\"https:\\\/\\\/www.jglobe.hu\\\/de\\\/\"},{\"@type\":\"ListItem\",\"position\":2,\"name\":\"Als Nationaler Champion werden wir Ungarn beim Europ\u00e4ischen Wirtschaftspreis 2016\\\/17 vertreten\"}]},{\"@type\":\"WebSite\",\"@id\":\"https:\\\/\\\/www.jglobe.hu\\\/#website\",\"url\":\"https:\\\/\\\/www.jglobe.hu\\\/\",\"name\":\"Julius-Globe\",\"description\":\"A NAVIGATOR f\u00e9mipari tud\u00e1sk\u00f6zpontja\",\"publisher\":{\"@id\":\"https:\\\/\\\/www.jglobe.hu\\\/#organization\"},\"potentialAction\":[{\"@type\":\"SearchAction\",\"target\":{\"@type\":\"EntryPoint\",\"urlTemplate\":\"https:\\\/\\\/www.jglobe.hu\\\/?s={search_term_string}\"},\"query-input\":{\"@type\":\"PropertyValueSpecification\",\"valueRequired\":true,\"valueName\":\"search_term_string\"}}],\"inLanguage\":\"de\"},{\"@type\":\"Organization\",\"@id\":\"https:\\\/\\\/www.jglobe.hu\\\/#organization\",\"name\":\"Julius-Globe\",\"url\":\"https:\\\/\\\/www.jglobe.hu\\\/\",\"logo\":{\"@type\":\"ImageObject\",\"inLanguage\":\"de\",\"@id\":\"https:\\\/\\\/www.jglobe.hu\\\/#\\\/schema\\\/logo\\\/image\\\/\",\"url\":\"https:\\\/\\\/www.jglobe.hu\\\/wp-content\\\/uploads\\\/2026\\\/03\\\/JG-fekvo-szines-kicsi.png\",\"contentUrl\":\"https:\\\/\\\/www.jglobe.hu\\\/wp-content\\\/uploads\\\/2026\\\/03\\\/JG-fekvo-szines-kicsi.png\",\"width\":2484,\"height\":1069,\"caption\":\"Julius-Globe\"},\"image\":{\"@id\":\"https:\\\/\\\/www.jglobe.hu\\\/#\\\/schema\\\/logo\\\/image\\\/\"},\"sameAs\":[\"https:\\\/\\\/www.facebook.com\\\/juliusglobekft\\\/?locale=hu_HU\"]},{\"@type\":\"Person\",\"@id\":\"https:\\\/\\\/www.jglobe.hu\\\/#\\\/schema\\\/person\\\/361a3054bee6a4006160f5bd2457508e\",\"name\":\"jutasig\",\"image\":{\"@type\":\"ImageObject\",\"inLanguage\":\"de\",\"@id\":\"https:\\\/\\\/secure.gravatar.com\\\/avatar\\\/5a40f680def40ab5386bcfee625b43b0a65605cb9624050afd5153d2acbcd338?s=96&d=mm&r=g\",\"url\":\"https:\\\/\\\/secure.gravatar.com\\\/avatar\\\/5a40f680def40ab5386bcfee625b43b0a65605cb9624050afd5153d2acbcd338?s=96&d=mm&r=g\",\"contentUrl\":\"https:\\\/\\\/secure.gravatar.com\\\/avatar\\\/5a40f680def40ab5386bcfee625b43b0a65605cb9624050afd5153d2acbcd338?s=96&d=mm&r=g\",\"caption\":\"jutasig\"},\"sameAs\":[\"https:\\\/\\\/https:\\\/\\\/www.jglobe.hu\\\/\"],\"url\":\"https:\\\/\\\/www.jglobe.hu\\\/de\\\/author\\\/jutasig\\\/\"}]}<\/script>\n<!-- \/ Yoast SEO plugin. -->","yoast_head_json":{"title":"Als Nationaler Champion werden wir Ungarn beim Europ\u00e4ischen Wirtschaftspreis 2016\/17 vertreten - Julius-Globe","robots":{"index":"index","follow":"follow","max-snippet":"max-snippet:-1","max-image-preview":"max-image-preview:large","max-video-preview":"max-video-preview:-1"},"canonical":"https:\/\/www.jglobe.hu\/de\/2016\/09\/05\/als-nationaler-champion-werden-wir-ungarn-beim-europaeischen-wirtschaftspreis-2016-17-vertreten\/","og_locale":"de_DE","og_type":"article","og_title":"Als Nationaler Champion werden wir Ungarn beim Europ\u00e4ischen Wirtschaftspreis 2016\/17 vertreten - Julius-Globe","og_description":"Julius-Globe Kft. wurde im ersten Rundgang der European Business Awards (EBA) als Nationaler Champion ausgew\u00e4hlt Als Nationaler Champion werden wir Ungarn beim Europ\u00e4ischen Wirtschaftspreis 2016\/17 vertreten Die JULIUS-GLOBE KFT. wurde als Nationaler Champion UNGARNS f\u00fcr den von RSM unterst\u00fctzten Europ\u00e4ischen Wirtschaftspreis nominiert \u2013 Europas gr\u00f6\u00dftem Wirtschaftswettbewerb, der unternehmerische Exzellenz und Best Practices in der europ\u00e4ischen [&hellip;]","og_url":"https:\/\/www.jglobe.hu\/de\/2016\/09\/05\/als-nationaler-champion-werden-wir-ungarn-beim-europaeischen-wirtschaftspreis-2016-17-vertreten\/","og_site_name":"Julius-Globe","article_publisher":"https:\/\/www.facebook.com\/juliusglobekft\/?locale=hu_HU","article_published_time":"2016-09-05T16:00:45+00:00","article_modified_time":"2026-04-22T18:47:02+00:00","og_image":[{"width":1920,"height":1280,"url":"https:\/\/www.jglobe.hu\/wp-content\/uploads\/2016\/09\/nemzeti_bajnok_kiemelt.jpg","type":"image\/jpeg"}],"author":"jutasig","twitter_card":"summary_large_image","twitter_misc":{"Verfasst von":"jutasig","Gesch\u00e4tzte Lesezeit":"3\u00a0Minuten"},"schema":{"@context":"https:\/\/schema.org","@graph":[{"@type":"Article","@id":"https:\/\/www.jglobe.hu\/de\/2016\/09\/05\/als-nationaler-champion-werden-wir-ungarn-beim-europaeischen-wirtschaftspreis-2016-17-vertreten\/#article","isPartOf":{"@id":"https:\/\/www.jglobe.hu\/de\/2016\/09\/05\/als-nationaler-champion-werden-wir-ungarn-beim-europaeischen-wirtschaftspreis-2016-17-vertreten\/"},"author":{"name":"jutasig","@id":"https:\/\/www.jglobe.hu\/#\/schema\/person\/361a3054bee6a4006160f5bd2457508e"},"headline":"Als Nationaler Champion werden wir Ungarn beim Europ\u00e4ischen Wirtschaftspreis 2016\/17 vertreten","datePublished":"2016-09-05T16:00:45+00:00","dateModified":"2026-04-22T18:47:02+00:00","mainEntityOfPage":{"@id":"https:\/\/www.jglobe.hu\/de\/2016\/09\/05\/als-nationaler-champion-werden-wir-ungarn-beim-europaeischen-wirtschaftspreis-2016-17-vertreten\/"},"wordCount":482,"publisher":{"@id":"https:\/\/www.jglobe.hu\/#organization"},"image":{"@id":"https:\/\/www.jglobe.hu\/de\/2016\/09\/05\/als-nationaler-champion-werden-wir-ungarn-beim-europaeischen-wirtschaftspreis-2016-17-vertreten\/#primaryimage"},"thumbnailUrl":"https:\/\/www.jglobe.hu\/wp-content\/uploads\/2016\/09\/nemzeti_bajnok_kiemelt.jpg","articleSection":["Neuigkeiten"],"inLanguage":"de"},{"@type":"WebPage","@id":"https:\/\/www.jglobe.hu\/de\/2016\/09\/05\/als-nationaler-champion-werden-wir-ungarn-beim-europaeischen-wirtschaftspreis-2016-17-vertreten\/","url":"https:\/\/www.jglobe.hu\/de\/2016\/09\/05\/als-nationaler-champion-werden-wir-ungarn-beim-europaeischen-wirtschaftspreis-2016-17-vertreten\/","name":"Als Nationaler Champion werden wir Ungarn beim Europ\u00e4ischen Wirtschaftspreis 2016\/17 vertreten - Julius-Globe","isPartOf":{"@id":"https:\/\/www.jglobe.hu\/#website"},"primaryImageOfPage":{"@id":"https:\/\/www.jglobe.hu\/de\/2016\/09\/05\/als-nationaler-champion-werden-wir-ungarn-beim-europaeischen-wirtschaftspreis-2016-17-vertreten\/#primaryimage"},"image":{"@id":"https:\/\/www.jglobe.hu\/de\/2016\/09\/05\/als-nationaler-champion-werden-wir-ungarn-beim-europaeischen-wirtschaftspreis-2016-17-vertreten\/#primaryimage"},"thumbnailUrl":"https:\/\/www.jglobe.hu\/wp-content\/uploads\/2016\/09\/nemzeti_bajnok_kiemelt.jpg","datePublished":"2016-09-05T16:00:45+00:00","dateModified":"2026-04-22T18:47:02+00:00","breadcrumb":{"@id":"https:\/\/www.jglobe.hu\/de\/2016\/09\/05\/als-nationaler-champion-werden-wir-ungarn-beim-europaeischen-wirtschaftspreis-2016-17-vertreten\/#breadcrumb"},"inLanguage":"de","potentialAction":[{"@type":"ReadAction","target":["https:\/\/www.jglobe.hu\/de\/2016\/09\/05\/als-nationaler-champion-werden-wir-ungarn-beim-europaeischen-wirtschaftspreis-2016-17-vertreten\/"]}]},{"@type":"ImageObject","inLanguage":"de","@id":"https:\/\/www.jglobe.hu\/de\/2016\/09\/05\/als-nationaler-champion-werden-wir-ungarn-beim-europaeischen-wirtschaftspreis-2016-17-vertreten\/#primaryimage","url":"https:\/\/www.jglobe.hu\/wp-content\/uploads\/2016\/09\/nemzeti_bajnok_kiemelt.jpg","contentUrl":"https:\/\/www.jglobe.hu\/wp-content\/uploads\/2016\/09\/nemzeti_bajnok_kiemelt.jpg","width":1920,"height":1280},{"@type":"BreadcrumbList","@id":"https:\/\/www.jglobe.hu\/de\/2016\/09\/05\/als-nationaler-champion-werden-wir-ungarn-beim-europaeischen-wirtschaftspreis-2016-17-vertreten\/#breadcrumb","itemListElement":[{"@type":"ListItem","position":1,"name":"Kezd\u0151lap","item":"https:\/\/www.jglobe.hu\/de\/"},{"@type":"ListItem","position":2,"name":"Als Nationaler Champion werden wir Ungarn beim Europ\u00e4ischen Wirtschaftspreis 2016\/17 vertreten"}]},{"@type":"WebSite","@id":"https:\/\/www.jglobe.hu\/#website","url":"https:\/\/www.jglobe.hu\/","name":"Julius-Globe","description":"A NAVIGATOR f\u00e9mipari tud\u00e1sk\u00f6zpontja","publisher":{"@id":"https:\/\/www.jglobe.hu\/#organization"},"potentialAction":[{"@type":"SearchAction","target":{"@type":"EntryPoint","urlTemplate":"https:\/\/www.jglobe.hu\/?s={search_term_string}"},"query-input":{"@type":"PropertyValueSpecification","valueRequired":true,"valueName":"search_term_string"}}],"inLanguage":"de"},{"@type":"Organization","@id":"https:\/\/www.jglobe.hu\/#organization","name":"Julius-Globe","url":"https:\/\/www.jglobe.hu\/","logo":{"@type":"ImageObject","inLanguage":"de","@id":"https:\/\/www.jglobe.hu\/#\/schema\/logo\/image\/","url":"https:\/\/www.jglobe.hu\/wp-content\/uploads\/2026\/03\/JG-fekvo-szines-kicsi.png","contentUrl":"https:\/\/www.jglobe.hu\/wp-content\/uploads\/2026\/03\/JG-fekvo-szines-kicsi.png","width":2484,"height":1069,"caption":"Julius-Globe"},"image":{"@id":"https:\/\/www.jglobe.hu\/#\/schema\/logo\/image\/"},"sameAs":["https:\/\/www.facebook.com\/juliusglobekft\/?locale=hu_HU"]},{"@type":"Person","@id":"https:\/\/www.jglobe.hu\/#\/schema\/person\/361a3054bee6a4006160f5bd2457508e","name":"jutasig","image":{"@type":"ImageObject","inLanguage":"de","@id":"https:\/\/secure.gravatar.com\/avatar\/5a40f680def40ab5386bcfee625b43b0a65605cb9624050afd5153d2acbcd338?s=96&d=mm&r=g","url":"https:\/\/secure.gravatar.com\/avatar\/5a40f680def40ab5386bcfee625b43b0a65605cb9624050afd5153d2acbcd338?s=96&d=mm&r=g","contentUrl":"https:\/\/secure.gravatar.com\/avatar\/5a40f680def40ab5386bcfee625b43b0a65605cb9624050afd5153d2acbcd338?s=96&d=mm&r=g","caption":"jutasig"},"sameAs":["https:\/\/https:\/\/www.jglobe.hu\/"],"url":"https:\/\/www.jglobe.hu\/de\/author\/jutasig\/"}]}},"_links":{"self":[{"href":"https:\/\/www.jglobe.hu\/de\/wp-json\/wp\/v2\/posts\/5598","targetHints":{"allow":["GET"]}}],"collection":[{"href":"https:\/\/www.jglobe.hu\/de\/wp-json\/wp\/v2\/posts"}],"about":[{"href":"https:\/\/www.jglobe.hu\/de\/wp-json\/wp\/v2\/types\/post"}],"author":[{"embeddable":true,"href":"https:\/\/www.jglobe.hu\/de\/wp-json\/wp\/v2\/users\/1"}],"replies":[{"embeddable":true,"href":"https:\/\/www.jglobe.hu\/de\/wp-json\/wp\/v2\/comments?post=5598"}],"version-history":[{"count":4,"href":"https:\/\/www.jglobe.hu\/de\/wp-json\/wp\/v2\/posts\/5598\/revisions"}],"predecessor-version":[{"id":5622,"href":"https:\/\/www.jglobe.hu\/de\/wp-json\/wp\/v2\/posts\/5598\/revisions\/5622"}],"wp:featuredmedia":[{"embeddable":true,"href":"https:\/\/www.jglobe.hu\/de\/wp-json\/wp\/v2\/media\/5597"}],"wp:attachment":[{"href":"https:\/\/www.jglobe.hu\/de\/wp-json\/wp\/v2\/media?parent=5598"}],"wp:term":[{"taxonomy":"category","embeddable":true,"href":"https:\/\/www.jglobe.hu\/de\/wp-json\/wp\/v2\/categories?post=5598"},{"taxonomy":"post_tag","embeddable":true,"href":"https:\/\/www.jglobe.hu\/de\/wp-json\/wp\/v2\/tags?post=5598"}],"curies":[{"name":"wp","href":"https:\/\/api.w.org\/{rel}","templated":true}]}}