{"id":5344,"date":"2023-05-25T16:00:45","date_gmt":"2023-05-25T16:00:45","guid":{"rendered":"https:\/\/www.jglobe.hu\/2023\/05\/25\/vireo-has-commenced-its-anticipated-3-year-journey-around-earth\/"},"modified":"2026-04-22T16:47:36","modified_gmt":"2026-04-22T16:47:36","slug":"vireo-has-commenced-its-anticipated-3-year-journey-around-earth","status":"publish","type":"post","link":"https:\/\/www.jglobe.hu\/en\/2023\/05\/25\/vireo-has-commenced-its-anticipated-3-year-journey-around-earth\/","title":{"rendered":"VIREO has commenced its anticipated 3-year journey around Earth"},"content":{"rendered":"<p><span style=\"font-family: Roboto, Arial, sans-serif; font-size: 15px; font-weight: 400; text-align: justify; display: block;\">We are delighted to learn that the VIREO (Virtual Intelligence Realization for Earth Observation) 3-Unit satellite, developed by C3S Kft. and aiMmotive, was successfully launched on April 15, 2023, from Vandenberg Space Force Base in California aboard a SpaceX Falcon 9 rocket. <\/span><\/p>\n<div>\n<p dir=\"auto\" style=\"text-align: justify;\">On 25 May 2023, VIREO successfully began its anticipated 3-year orbit around Earth, where it will explore potential on-board applications of artificial intelligence.<\/p>\n<p dir=\"auto\" style=\"text-align: justify;\">\nCongratulations to the team at C3S Ltd. for this outstanding achievement! We are proud that the Julius-Globe team also contributed to the success of this project by manufacturing complex components that required 5-axis machining.  <\/p>\n<p dir=\"auto\" style=\"text-align: justify;\">\nThe launch can be viewed here (from 17:01 minutes):<\/p>\n<\/div>\n","protected":false},"excerpt":{"rendered":"<p>We are delighted to learn that the VIREO (Virtual Intelligence Realization for Earth Observation) 3-Unit satellite, developed by C3S Kft. and aiMmotive, was successfully launched on April 15, 2023, from Vandenberg Space Force Base in California aboard a SpaceX Falcon 9 rocket. On 25 May 2023, VIREO successfully began its anticipated 3-year orbit around Earth, [&hellip;]<\/p>\n","protected":false},"author":1,"featured_media":5345,"comment_status":"closed","ping_status":"open","sticky":false,"template":"","format":"video","meta":{"footnotes":""},"categories":[172],"tags":[],"class_list":["post-5344","post","type-post","status-publish","format-video","has-post-thumbnail","hentry","category-our-news","post_format-post-format-video"],"yoast_head":"<!-- This site is optimized with the Yoast SEO plugin v27.4 - https:\/\/yoast.com\/product\/yoast-seo-wordpress\/ -->\n<title>VIREO has commenced its anticipated 3-year journey around Earth - Julius-Globe<\/title>\n<meta name=\"robots\" content=\"index, follow, max-snippet:-1, max-image-preview:large, max-video-preview:-1\" \/>\n<link rel=\"canonical\" href=\"https:\/\/www.jglobe.hu\/en\/2023\/05\/25\/vireo-has-commenced-its-anticipated-3-year-journey-around-earth\/\" \/>\n<meta property=\"og:locale\" content=\"en_US\" \/>\n<meta property=\"og:type\" content=\"article\" \/>\n<meta property=\"og:title\" content=\"VIREO has commenced its anticipated 3-year journey around Earth - Julius-Globe\" \/>\n<meta property=\"og:description\" content=\"We are delighted to learn that the VIREO (Virtual Intelligence Realization for Earth Observation) 3-Unit satellite, developed by C3S Kft. and aiMmotive, was successfully launched on April 15, 2023, from Vandenberg Space Force Base in California aboard a SpaceX Falcon 9 rocket. On 25 May 2023, VIREO successfully began its anticipated 3-year orbit around Earth, [&hellip;]\" \/>\n<meta property=\"og:url\" content=\"https:\/\/www.jglobe.hu\/en\/2023\/05\/25\/vireo-has-commenced-its-anticipated-3-year-journey-around-earth\/\" \/>\n<meta property=\"og:site_name\" content=\"Julius-Globe\" \/>\n<meta property=\"article:publisher\" content=\"https:\/\/www.facebook.com\/juliusglobekft\/?locale=hu_HU\" \/>\n<meta property=\"article:published_time\" content=\"2023-05-25T16:00:45+00:00\" \/>\n<meta property=\"article:modified_time\" content=\"2026-04-22T16:47:36+00:00\" \/>\n<meta property=\"og:image\" content=\"https:\/\/www.jglobe.hu\/wp-content\/uploads\/2016\/07\/post_12.jpg\" \/>\n\t<meta property=\"og:image:width\" content=\"1920\" \/>\n\t<meta property=\"og:image:height\" content=\"1280\" \/>\n\t<meta property=\"og:image:type\" content=\"image\/jpeg\" \/>\n<meta name=\"author\" content=\"jutasig\" \/>\n<meta name=\"twitter:card\" content=\"summary_large_image\" \/>\n<meta name=\"twitter:label1\" content=\"Written by\" \/>\n\t<meta name=\"twitter:data1\" content=\"jutasig\" \/>\n\t<meta name=\"twitter:label2\" content=\"Est. reading time\" \/>\n\t<meta name=\"twitter:data2\" content=\"1 minute\" \/>\n<script type=\"application\/ld+json\" class=\"yoast-schema-graph\">{\"@context\":\"https:\\\/\\\/schema.org\",\"@graph\":[{\"@type\":\"Article\",\"@id\":\"https:\\\/\\\/www.jglobe.hu\\\/en\\\/2023\\\/05\\\/25\\\/vireo-has-commenced-its-anticipated-3-year-journey-around-earth\\\/#article\",\"isPartOf\":{\"@id\":\"https:\\\/\\\/www.jglobe.hu\\\/en\\\/2023\\\/05\\\/25\\\/vireo-has-commenced-its-anticipated-3-year-journey-around-earth\\\/\"},\"author\":{\"name\":\"jutasig\",\"@id\":\"https:\\\/\\\/www.jglobe.hu\\\/#\\\/schema\\\/person\\\/361a3054bee6a4006160f5bd2457508e\"},\"headline\":\"VIREO has commenced its anticipated 3-year journey around Earth\",\"datePublished\":\"2023-05-25T16:00:45+00:00\",\"dateModified\":\"2026-04-22T16:47:36+00:00\",\"mainEntityOfPage\":{\"@id\":\"https:\\\/\\\/www.jglobe.hu\\\/en\\\/2023\\\/05\\\/25\\\/vireo-has-commenced-its-anticipated-3-year-journey-around-earth\\\/\"},\"wordCount\":113,\"publisher\":{\"@id\":\"https:\\\/\\\/www.jglobe.hu\\\/#organization\"},\"image\":{\"@id\":\"https:\\\/\\\/www.jglobe.hu\\\/en\\\/2023\\\/05\\\/25\\\/vireo-has-commenced-its-anticipated-3-year-journey-around-earth\\\/#primaryimage\"},\"thumbnailUrl\":\"https:\\\/\\\/www.jglobe.hu\\\/wp-content\\\/uploads\\\/2016\\\/07\\\/post_12.jpg\",\"articleSection\":[\"Our News\"],\"inLanguage\":\"en-US\"},{\"@type\":\"WebPage\",\"@id\":\"https:\\\/\\\/www.jglobe.hu\\\/en\\\/2023\\\/05\\\/25\\\/vireo-has-commenced-its-anticipated-3-year-journey-around-earth\\\/\",\"url\":\"https:\\\/\\\/www.jglobe.hu\\\/en\\\/2023\\\/05\\\/25\\\/vireo-has-commenced-its-anticipated-3-year-journey-around-earth\\\/\",\"name\":\"VIREO has commenced its anticipated 3-year journey around Earth - Julius-Globe\",\"isPartOf\":{\"@id\":\"https:\\\/\\\/www.jglobe.hu\\\/#website\"},\"primaryImageOfPage\":{\"@id\":\"https:\\\/\\\/www.jglobe.hu\\\/en\\\/2023\\\/05\\\/25\\\/vireo-has-commenced-its-anticipated-3-year-journey-around-earth\\\/#primaryimage\"},\"image\":{\"@id\":\"https:\\\/\\\/www.jglobe.hu\\\/en\\\/2023\\\/05\\\/25\\\/vireo-has-commenced-its-anticipated-3-year-journey-around-earth\\\/#primaryimage\"},\"thumbnailUrl\":\"https:\\\/\\\/www.jglobe.hu\\\/wp-content\\\/uploads\\\/2016\\\/07\\\/post_12.jpg\",\"datePublished\":\"2023-05-25T16:00:45+00:00\",\"dateModified\":\"2026-04-22T16:47:36+00:00\",\"breadcrumb\":{\"@id\":\"https:\\\/\\\/www.jglobe.hu\\\/en\\\/2023\\\/05\\\/25\\\/vireo-has-commenced-its-anticipated-3-year-journey-around-earth\\\/#breadcrumb\"},\"inLanguage\":\"en-US\",\"potentialAction\":[{\"@type\":\"ReadAction\",\"target\":[\"https:\\\/\\\/www.jglobe.hu\\\/en\\\/2023\\\/05\\\/25\\\/vireo-has-commenced-its-anticipated-3-year-journey-around-earth\\\/\"]}]},{\"@type\":\"ImageObject\",\"inLanguage\":\"en-US\",\"@id\":\"https:\\\/\\\/www.jglobe.hu\\\/en\\\/2023\\\/05\\\/25\\\/vireo-has-commenced-its-anticipated-3-year-journey-around-earth\\\/#primaryimage\",\"url\":\"https:\\\/\\\/www.jglobe.hu\\\/wp-content\\\/uploads\\\/2016\\\/07\\\/post_12.jpg\",\"contentUrl\":\"https:\\\/\\\/www.jglobe.hu\\\/wp-content\\\/uploads\\\/2016\\\/07\\\/post_12.jpg\",\"width\":1920,\"height\":1280},{\"@type\":\"BreadcrumbList\",\"@id\":\"https:\\\/\\\/www.jglobe.hu\\\/en\\\/2023\\\/05\\\/25\\\/vireo-has-commenced-its-anticipated-3-year-journey-around-earth\\\/#breadcrumb\",\"itemListElement\":[{\"@type\":\"ListItem\",\"position\":1,\"name\":\"Kezd\u0151lap\",\"item\":\"https:\\\/\\\/www.jglobe.hu\\\/en\\\/\"},{\"@type\":\"ListItem\",\"position\":2,\"name\":\"VIREO has commenced its anticipated 3-year journey around Earth\"}]},{\"@type\":\"WebSite\",\"@id\":\"https:\\\/\\\/www.jglobe.hu\\\/#website\",\"url\":\"https:\\\/\\\/www.jglobe.hu\\\/\",\"name\":\"Julius-Globe\",\"description\":\"A NAVIGATOR f\u00e9mipari tud\u00e1sk\u00f6zpontja\",\"publisher\":{\"@id\":\"https:\\\/\\\/www.jglobe.hu\\\/#organization\"},\"potentialAction\":[{\"@type\":\"SearchAction\",\"target\":{\"@type\":\"EntryPoint\",\"urlTemplate\":\"https:\\\/\\\/www.jglobe.hu\\\/?s={search_term_string}\"},\"query-input\":{\"@type\":\"PropertyValueSpecification\",\"valueRequired\":true,\"valueName\":\"search_term_string\"}}],\"inLanguage\":\"en-US\"},{\"@type\":\"Organization\",\"@id\":\"https:\\\/\\\/www.jglobe.hu\\\/#organization\",\"name\":\"Julius-Globe\",\"url\":\"https:\\\/\\\/www.jglobe.hu\\\/\",\"logo\":{\"@type\":\"ImageObject\",\"inLanguage\":\"en-US\",\"@id\":\"https:\\\/\\\/www.jglobe.hu\\\/#\\\/schema\\\/logo\\\/image\\\/\",\"url\":\"https:\\\/\\\/www.jglobe.hu\\\/wp-content\\\/uploads\\\/2026\\\/03\\\/JG-fekvo-szines-kicsi.png\",\"contentUrl\":\"https:\\\/\\\/www.jglobe.hu\\\/wp-content\\\/uploads\\\/2026\\\/03\\\/JG-fekvo-szines-kicsi.png\",\"width\":2484,\"height\":1069,\"caption\":\"Julius-Globe\"},\"image\":{\"@id\":\"https:\\\/\\\/www.jglobe.hu\\\/#\\\/schema\\\/logo\\\/image\\\/\"},\"sameAs\":[\"https:\\\/\\\/www.facebook.com\\\/juliusglobekft\\\/?locale=hu_HU\"]},{\"@type\":\"Person\",\"@id\":\"https:\\\/\\\/www.jglobe.hu\\\/#\\\/schema\\\/person\\\/361a3054bee6a4006160f5bd2457508e\",\"name\":\"jutasig\",\"image\":{\"@type\":\"ImageObject\",\"inLanguage\":\"en-US\",\"@id\":\"https:\\\/\\\/secure.gravatar.com\\\/avatar\\\/5a40f680def40ab5386bcfee625b43b0a65605cb9624050afd5153d2acbcd338?s=96&d=mm&r=g\",\"url\":\"https:\\\/\\\/secure.gravatar.com\\\/avatar\\\/5a40f680def40ab5386bcfee625b43b0a65605cb9624050afd5153d2acbcd338?s=96&d=mm&r=g\",\"contentUrl\":\"https:\\\/\\\/secure.gravatar.com\\\/avatar\\\/5a40f680def40ab5386bcfee625b43b0a65605cb9624050afd5153d2acbcd338?s=96&d=mm&r=g\",\"caption\":\"jutasig\"},\"sameAs\":[\"https:\\\/\\\/https:\\\/\\\/www.jglobe.hu\\\/\"],\"url\":\"https:\\\/\\\/www.jglobe.hu\\\/en\\\/author\\\/jutasig\\\/\"}]}<\/script>\n<!-- \/ Yoast SEO plugin. -->","yoast_head_json":{"title":"VIREO has commenced its anticipated 3-year journey around Earth - Julius-Globe","robots":{"index":"index","follow":"follow","max-snippet":"max-snippet:-1","max-image-preview":"max-image-preview:large","max-video-preview":"max-video-preview:-1"},"canonical":"https:\/\/www.jglobe.hu\/en\/2023\/05\/25\/vireo-has-commenced-its-anticipated-3-year-journey-around-earth\/","og_locale":"en_US","og_type":"article","og_title":"VIREO has commenced its anticipated 3-year journey around Earth - Julius-Globe","og_description":"We are delighted to learn that the VIREO (Virtual Intelligence Realization for Earth Observation) 3-Unit satellite, developed by C3S Kft. and aiMmotive, was successfully launched on April 15, 2023, from Vandenberg Space Force Base in California aboard a SpaceX Falcon 9 rocket. On 25 May 2023, VIREO successfully began its anticipated 3-year orbit around Earth, [&hellip;]","og_url":"https:\/\/www.jglobe.hu\/en\/2023\/05\/25\/vireo-has-commenced-its-anticipated-3-year-journey-around-earth\/","og_site_name":"Julius-Globe","article_publisher":"https:\/\/www.facebook.com\/juliusglobekft\/?locale=hu_HU","article_published_time":"2023-05-25T16:00:45+00:00","article_modified_time":"2026-04-22T16:47:36+00:00","og_image":[{"width":1920,"height":1280,"url":"https:\/\/www.jglobe.hu\/wp-content\/uploads\/2016\/07\/post_12.jpg","type":"image\/jpeg"}],"author":"jutasig","twitter_card":"summary_large_image","twitter_misc":{"Written by":"jutasig","Est. reading time":"1 minute"},"schema":{"@context":"https:\/\/schema.org","@graph":[{"@type":"Article","@id":"https:\/\/www.jglobe.hu\/en\/2023\/05\/25\/vireo-has-commenced-its-anticipated-3-year-journey-around-earth\/#article","isPartOf":{"@id":"https:\/\/www.jglobe.hu\/en\/2023\/05\/25\/vireo-has-commenced-its-anticipated-3-year-journey-around-earth\/"},"author":{"name":"jutasig","@id":"https:\/\/www.jglobe.hu\/#\/schema\/person\/361a3054bee6a4006160f5bd2457508e"},"headline":"VIREO has commenced its anticipated 3-year journey around Earth","datePublished":"2023-05-25T16:00:45+00:00","dateModified":"2026-04-22T16:47:36+00:00","mainEntityOfPage":{"@id":"https:\/\/www.jglobe.hu\/en\/2023\/05\/25\/vireo-has-commenced-its-anticipated-3-year-journey-around-earth\/"},"wordCount":113,"publisher":{"@id":"https:\/\/www.jglobe.hu\/#organization"},"image":{"@id":"https:\/\/www.jglobe.hu\/en\/2023\/05\/25\/vireo-has-commenced-its-anticipated-3-year-journey-around-earth\/#primaryimage"},"thumbnailUrl":"https:\/\/www.jglobe.hu\/wp-content\/uploads\/2016\/07\/post_12.jpg","articleSection":["Our News"],"inLanguage":"en-US"},{"@type":"WebPage","@id":"https:\/\/www.jglobe.hu\/en\/2023\/05\/25\/vireo-has-commenced-its-anticipated-3-year-journey-around-earth\/","url":"https:\/\/www.jglobe.hu\/en\/2023\/05\/25\/vireo-has-commenced-its-anticipated-3-year-journey-around-earth\/","name":"VIREO has commenced its anticipated 3-year journey around Earth - Julius-Globe","isPartOf":{"@id":"https:\/\/www.jglobe.hu\/#website"},"primaryImageOfPage":{"@id":"https:\/\/www.jglobe.hu\/en\/2023\/05\/25\/vireo-has-commenced-its-anticipated-3-year-journey-around-earth\/#primaryimage"},"image":{"@id":"https:\/\/www.jglobe.hu\/en\/2023\/05\/25\/vireo-has-commenced-its-anticipated-3-year-journey-around-earth\/#primaryimage"},"thumbnailUrl":"https:\/\/www.jglobe.hu\/wp-content\/uploads\/2016\/07\/post_12.jpg","datePublished":"2023-05-25T16:00:45+00:00","dateModified":"2026-04-22T16:47:36+00:00","breadcrumb":{"@id":"https:\/\/www.jglobe.hu\/en\/2023\/05\/25\/vireo-has-commenced-its-anticipated-3-year-journey-around-earth\/#breadcrumb"},"inLanguage":"en-US","potentialAction":[{"@type":"ReadAction","target":["https:\/\/www.jglobe.hu\/en\/2023\/05\/25\/vireo-has-commenced-its-anticipated-3-year-journey-around-earth\/"]}]},{"@type":"ImageObject","inLanguage":"en-US","@id":"https:\/\/www.jglobe.hu\/en\/2023\/05\/25\/vireo-has-commenced-its-anticipated-3-year-journey-around-earth\/#primaryimage","url":"https:\/\/www.jglobe.hu\/wp-content\/uploads\/2016\/07\/post_12.jpg","contentUrl":"https:\/\/www.jglobe.hu\/wp-content\/uploads\/2016\/07\/post_12.jpg","width":1920,"height":1280},{"@type":"BreadcrumbList","@id":"https:\/\/www.jglobe.hu\/en\/2023\/05\/25\/vireo-has-commenced-its-anticipated-3-year-journey-around-earth\/#breadcrumb","itemListElement":[{"@type":"ListItem","position":1,"name":"Kezd\u0151lap","item":"https:\/\/www.jglobe.hu\/en\/"},{"@type":"ListItem","position":2,"name":"VIREO has commenced its anticipated 3-year journey around Earth"}]},{"@type":"WebSite","@id":"https:\/\/www.jglobe.hu\/#website","url":"https:\/\/www.jglobe.hu\/","name":"Julius-Globe","description":"A NAVIGATOR f\u00e9mipari tud\u00e1sk\u00f6zpontja","publisher":{"@id":"https:\/\/www.jglobe.hu\/#organization"},"potentialAction":[{"@type":"SearchAction","target":{"@type":"EntryPoint","urlTemplate":"https:\/\/www.jglobe.hu\/?s={search_term_string}"},"query-input":{"@type":"PropertyValueSpecification","valueRequired":true,"valueName":"search_term_string"}}],"inLanguage":"en-US"},{"@type":"Organization","@id":"https:\/\/www.jglobe.hu\/#organization","name":"Julius-Globe","url":"https:\/\/www.jglobe.hu\/","logo":{"@type":"ImageObject","inLanguage":"en-US","@id":"https:\/\/www.jglobe.hu\/#\/schema\/logo\/image\/","url":"https:\/\/www.jglobe.hu\/wp-content\/uploads\/2026\/03\/JG-fekvo-szines-kicsi.png","contentUrl":"https:\/\/www.jglobe.hu\/wp-content\/uploads\/2026\/03\/JG-fekvo-szines-kicsi.png","width":2484,"height":1069,"caption":"Julius-Globe"},"image":{"@id":"https:\/\/www.jglobe.hu\/#\/schema\/logo\/image\/"},"sameAs":["https:\/\/www.facebook.com\/juliusglobekft\/?locale=hu_HU"]},{"@type":"Person","@id":"https:\/\/www.jglobe.hu\/#\/schema\/person\/361a3054bee6a4006160f5bd2457508e","name":"jutasig","image":{"@type":"ImageObject","inLanguage":"en-US","@id":"https:\/\/secure.gravatar.com\/avatar\/5a40f680def40ab5386bcfee625b43b0a65605cb9624050afd5153d2acbcd338?s=96&d=mm&r=g","url":"https:\/\/secure.gravatar.com\/avatar\/5a40f680def40ab5386bcfee625b43b0a65605cb9624050afd5153d2acbcd338?s=96&d=mm&r=g","contentUrl":"https:\/\/secure.gravatar.com\/avatar\/5a40f680def40ab5386bcfee625b43b0a65605cb9624050afd5153d2acbcd338?s=96&d=mm&r=g","caption":"jutasig"},"sameAs":["https:\/\/https:\/\/www.jglobe.hu\/"],"url":"https:\/\/www.jglobe.hu\/en\/author\/jutasig\/"}]}},"_links":{"self":[{"href":"https:\/\/www.jglobe.hu\/en\/wp-json\/wp\/v2\/posts\/5344","targetHints":{"allow":["GET"]}}],"collection":[{"href":"https:\/\/www.jglobe.hu\/en\/wp-json\/wp\/v2\/posts"}],"about":[{"href":"https:\/\/www.jglobe.hu\/en\/wp-json\/wp\/v2\/types\/post"}],"author":[{"embeddable":true,"href":"https:\/\/www.jglobe.hu\/en\/wp-json\/wp\/v2\/users\/1"}],"replies":[{"embeddable":true,"href":"https:\/\/www.jglobe.hu\/en\/wp-json\/wp\/v2\/comments?post=5344"}],"version-history":[{"count":2,"href":"https:\/\/www.jglobe.hu\/en\/wp-json\/wp\/v2\/posts\/5344\/revisions"}],"predecessor-version":[{"id":5465,"href":"https:\/\/www.jglobe.hu\/en\/wp-json\/wp\/v2\/posts\/5344\/revisions\/5465"}],"wp:featuredmedia":[{"embeddable":true,"href":"https:\/\/www.jglobe.hu\/en\/wp-json\/wp\/v2\/media\/5345"}],"wp:attachment":[{"href":"https:\/\/www.jglobe.hu\/en\/wp-json\/wp\/v2\/media?parent=5344"}],"wp:term":[{"taxonomy":"category","embeddable":true,"href":"https:\/\/www.jglobe.hu\/en\/wp-json\/wp\/v2\/categories?post=5344"},{"taxonomy":"post_tag","embeddable":true,"href":"https:\/\/www.jglobe.hu\/en\/wp-json\/wp\/v2\/tags?post=5344"}],"curies":[{"name":"wp","href":"https:\/\/api.w.org\/{rel}","templated":true}]}}