{"id":5473,"date":"2020-05-29T16:00:45","date_gmt":"2020-05-29T16:00:45","guid":{"rendered":"https:\/\/www.jglobe.hu\/2020\/05\/29\/icu-ventilator-project\/"},"modified":"2020-05-29T16:00:45","modified_gmt":"2020-05-29T16:00:45","slug":"icu-ventilator-project","status":"publish","type":"post","link":"https:\/\/www.jglobe.hu\/en\/2020\/05\/29\/icu-ventilator-project\/","title":{"rendered":"ICU Ventilator Project"},"content":{"rendered":"<div style=\"text-align: justify\">We are pleased to share the news that today we delivered the necessary machined components for 300 intensive care unit ventilators. The remaining parts for the additional 800 units will be delivered shortly. <\/p>\n<p>In response to the global pandemic, a Hungarian medical device manufacturer \u2014 Celitron Medical Technologies Ltd. \u2014 began producing state-of-the-art ventilators. As part of this project, a total of 1,100 ventilators will soon be assembled, serving the health of people in Hungary. The machines can be used to ventilate newborns, children, and adults in intensive care. <\/p>\n<p>We thank our colleagues for stepping up during this difficult period. It fills us with great joy and pride that our company can supply \u2014 and our team can manufacture \u2014 the machined components for these life-saving machines. <\/p><\/div>\n","protected":false},"excerpt":{"rendered":"<p>We are pleased to share the news that today we delivered the necessary machined components for 300 intensive care unit ventilators. The remaining parts for the additional 800 units will be delivered shortly. In response to the global pandemic, a Hungarian medical device manufacturer \u2014 Celitron Medical Technologies Ltd. \u2014 began producing state-of-the-art ventilators. As [&hellip;]<\/p>\n","protected":false},"author":1,"featured_media":5472,"comment_status":"closed","ping_status":"open","sticky":false,"template":"","format":"gallery","meta":{"footnotes":""},"categories":[172],"tags":[],"class_list":["post-5473","post","type-post","status-publish","format-gallery","has-post-thumbnail","hentry","category-our-news","post_format-post-format-gallery"],"yoast_head":"<!-- This site is optimized with the Yoast SEO plugin v27.4 - https:\/\/yoast.com\/product\/yoast-seo-wordpress\/ -->\n<title>ICU Ventilator Project - Julius-Globe<\/title>\n<meta name=\"robots\" content=\"index, follow, max-snippet:-1, max-image-preview:large, max-video-preview:-1\" \/>\n<link rel=\"canonical\" href=\"https:\/\/www.jglobe.hu\/en\/2020\/05\/29\/icu-ventilator-project\/\" \/>\n<meta property=\"og:locale\" content=\"en_US\" \/>\n<meta property=\"og:type\" content=\"article\" \/>\n<meta property=\"og:title\" content=\"ICU Ventilator Project - Julius-Globe\" \/>\n<meta property=\"og:description\" content=\"We are pleased to share the news that today we delivered the necessary machined components for 300 intensive care unit ventilators. The remaining parts for the additional 800 units will be delivered shortly. In response to the global pandemic, a Hungarian medical device manufacturer \u2014 Celitron Medical Technologies Ltd. \u2014 began producing state-of-the-art ventilators. As [&hellip;]\" \/>\n<meta property=\"og:url\" content=\"https:\/\/www.jglobe.hu\/en\/2020\/05\/29\/icu-ventilator-project\/\" \/>\n<meta property=\"og:site_name\" content=\"Julius-Globe\" \/>\n<meta property=\"article:publisher\" content=\"https:\/\/www.facebook.com\/juliusglobekft\/?locale=hu_HU\" \/>\n<meta property=\"article:published_time\" content=\"2020-05-29T16:00:45+00:00\" \/>\n<meta property=\"og:image\" content=\"https:\/\/www.jglobe.hu\/wp-content\/uploads\/2020\/05\/kiemelt_kep.jpg\" \/>\n\t<meta property=\"og:image:width\" content=\"1920\" \/>\n\t<meta property=\"og:image:height\" content=\"1280\" \/>\n\t<meta property=\"og:image:type\" content=\"image\/jpeg\" \/>\n<meta name=\"author\" content=\"jutasig\" \/>\n<meta name=\"twitter:card\" content=\"summary_large_image\" \/>\n<meta name=\"twitter:label1\" content=\"Written by\" \/>\n\t<meta name=\"twitter:data1\" content=\"jutasig\" \/>\n\t<meta name=\"twitter:label2\" content=\"Est. reading time\" \/>\n\t<meta name=\"twitter:data2\" content=\"1 minute\" \/>\n<script type=\"application\/ld+json\" class=\"yoast-schema-graph\">{\"@context\":\"https:\\\/\\\/schema.org\",\"@graph\":[{\"@type\":\"Article\",\"@id\":\"https:\\\/\\\/www.jglobe.hu\\\/en\\\/2020\\\/05\\\/29\\\/icu-ventilator-project\\\/#article\",\"isPartOf\":{\"@id\":\"https:\\\/\\\/www.jglobe.hu\\\/en\\\/2020\\\/05\\\/29\\\/icu-ventilator-project\\\/\"},\"author\":{\"name\":\"jutasig\",\"@id\":\"https:\\\/\\\/www.jglobe.hu\\\/#\\\/schema\\\/person\\\/361a3054bee6a4006160f5bd2457508e\"},\"headline\":\"ICU Ventilator Project\",\"datePublished\":\"2020-05-29T16:00:45+00:00\",\"mainEntityOfPage\":{\"@id\":\"https:\\\/\\\/www.jglobe.hu\\\/en\\\/2020\\\/05\\\/29\\\/icu-ventilator-project\\\/\"},\"wordCount\":123,\"publisher\":{\"@id\":\"https:\\\/\\\/www.jglobe.hu\\\/#organization\"},\"image\":{\"@id\":\"https:\\\/\\\/www.jglobe.hu\\\/en\\\/2020\\\/05\\\/29\\\/icu-ventilator-project\\\/#primaryimage\"},\"thumbnailUrl\":\"https:\\\/\\\/www.jglobe.hu\\\/wp-content\\\/uploads\\\/2020\\\/05\\\/kiemelt_kep.jpg\",\"articleSection\":[\"Our News\"],\"inLanguage\":\"en-US\"},{\"@type\":\"WebPage\",\"@id\":\"https:\\\/\\\/www.jglobe.hu\\\/en\\\/2020\\\/05\\\/29\\\/icu-ventilator-project\\\/\",\"url\":\"https:\\\/\\\/www.jglobe.hu\\\/en\\\/2020\\\/05\\\/29\\\/icu-ventilator-project\\\/\",\"name\":\"ICU Ventilator Project - Julius-Globe\",\"isPartOf\":{\"@id\":\"https:\\\/\\\/www.jglobe.hu\\\/#website\"},\"primaryImageOfPage\":{\"@id\":\"https:\\\/\\\/www.jglobe.hu\\\/en\\\/2020\\\/05\\\/29\\\/icu-ventilator-project\\\/#primaryimage\"},\"image\":{\"@id\":\"https:\\\/\\\/www.jglobe.hu\\\/en\\\/2020\\\/05\\\/29\\\/icu-ventilator-project\\\/#primaryimage\"},\"thumbnailUrl\":\"https:\\\/\\\/www.jglobe.hu\\\/wp-content\\\/uploads\\\/2020\\\/05\\\/kiemelt_kep.jpg\",\"datePublished\":\"2020-05-29T16:00:45+00:00\",\"breadcrumb\":{\"@id\":\"https:\\\/\\\/www.jglobe.hu\\\/en\\\/2020\\\/05\\\/29\\\/icu-ventilator-project\\\/#breadcrumb\"},\"inLanguage\":\"en-US\",\"potentialAction\":[{\"@type\":\"ReadAction\",\"target\":[\"https:\\\/\\\/www.jglobe.hu\\\/en\\\/2020\\\/05\\\/29\\\/icu-ventilator-project\\\/\"]}]},{\"@type\":\"ImageObject\",\"inLanguage\":\"en-US\",\"@id\":\"https:\\\/\\\/www.jglobe.hu\\\/en\\\/2020\\\/05\\\/29\\\/icu-ventilator-project\\\/#primaryimage\",\"url\":\"https:\\\/\\\/www.jglobe.hu\\\/wp-content\\\/uploads\\\/2020\\\/05\\\/kiemelt_kep.jpg\",\"contentUrl\":\"https:\\\/\\\/www.jglobe.hu\\\/wp-content\\\/uploads\\\/2020\\\/05\\\/kiemelt_kep.jpg\",\"width\":1920,\"height\":1280},{\"@type\":\"BreadcrumbList\",\"@id\":\"https:\\\/\\\/www.jglobe.hu\\\/en\\\/2020\\\/05\\\/29\\\/icu-ventilator-project\\\/#breadcrumb\",\"itemListElement\":[{\"@type\":\"ListItem\",\"position\":1,\"name\":\"Kezd\u0151lap\",\"item\":\"https:\\\/\\\/www.jglobe.hu\\\/en\\\/\"},{\"@type\":\"ListItem\",\"position\":2,\"name\":\"ICU Ventilator Project\"}]},{\"@type\":\"WebSite\",\"@id\":\"https:\\\/\\\/www.jglobe.hu\\\/#website\",\"url\":\"https:\\\/\\\/www.jglobe.hu\\\/\",\"name\":\"Julius-Globe\",\"description\":\"A NAVIGATOR f\u00e9mipari tud\u00e1sk\u00f6zpontja\",\"publisher\":{\"@id\":\"https:\\\/\\\/www.jglobe.hu\\\/#organization\"},\"potentialAction\":[{\"@type\":\"SearchAction\",\"target\":{\"@type\":\"EntryPoint\",\"urlTemplate\":\"https:\\\/\\\/www.jglobe.hu\\\/?s={search_term_string}\"},\"query-input\":{\"@type\":\"PropertyValueSpecification\",\"valueRequired\":true,\"valueName\":\"search_term_string\"}}],\"inLanguage\":\"en-US\"},{\"@type\":\"Organization\",\"@id\":\"https:\\\/\\\/www.jglobe.hu\\\/#organization\",\"name\":\"Julius-Globe\",\"url\":\"https:\\\/\\\/www.jglobe.hu\\\/\",\"logo\":{\"@type\":\"ImageObject\",\"inLanguage\":\"en-US\",\"@id\":\"https:\\\/\\\/www.jglobe.hu\\\/#\\\/schema\\\/logo\\\/image\\\/\",\"url\":\"https:\\\/\\\/www.jglobe.hu\\\/wp-content\\\/uploads\\\/2026\\\/03\\\/JG-fekvo-szines-kicsi.png\",\"contentUrl\":\"https:\\\/\\\/www.jglobe.hu\\\/wp-content\\\/uploads\\\/2026\\\/03\\\/JG-fekvo-szines-kicsi.png\",\"width\":2484,\"height\":1069,\"caption\":\"Julius-Globe\"},\"image\":{\"@id\":\"https:\\\/\\\/www.jglobe.hu\\\/#\\\/schema\\\/logo\\\/image\\\/\"},\"sameAs\":[\"https:\\\/\\\/www.facebook.com\\\/juliusglobekft\\\/?locale=hu_HU\"]},{\"@type\":\"Person\",\"@id\":\"https:\\\/\\\/www.jglobe.hu\\\/#\\\/schema\\\/person\\\/361a3054bee6a4006160f5bd2457508e\",\"name\":\"jutasig\",\"image\":{\"@type\":\"ImageObject\",\"inLanguage\":\"en-US\",\"@id\":\"https:\\\/\\\/secure.gravatar.com\\\/avatar\\\/5a40f680def40ab5386bcfee625b43b0a65605cb9624050afd5153d2acbcd338?s=96&d=mm&r=g\",\"url\":\"https:\\\/\\\/secure.gravatar.com\\\/avatar\\\/5a40f680def40ab5386bcfee625b43b0a65605cb9624050afd5153d2acbcd338?s=96&d=mm&r=g\",\"contentUrl\":\"https:\\\/\\\/secure.gravatar.com\\\/avatar\\\/5a40f680def40ab5386bcfee625b43b0a65605cb9624050afd5153d2acbcd338?s=96&d=mm&r=g\",\"caption\":\"jutasig\"},\"sameAs\":[\"https:\\\/\\\/https:\\\/\\\/www.jglobe.hu\\\/\"],\"url\":\"https:\\\/\\\/www.jglobe.hu\\\/en\\\/author\\\/jutasig\\\/\"}]}<\/script>\n<!-- \/ Yoast SEO plugin. -->","yoast_head_json":{"title":"ICU Ventilator Project - Julius-Globe","robots":{"index":"index","follow":"follow","max-snippet":"max-snippet:-1","max-image-preview":"max-image-preview:large","max-video-preview":"max-video-preview:-1"},"canonical":"https:\/\/www.jglobe.hu\/en\/2020\/05\/29\/icu-ventilator-project\/","og_locale":"en_US","og_type":"article","og_title":"ICU Ventilator Project - Julius-Globe","og_description":"We are pleased to share the news that today we delivered the necessary machined components for 300 intensive care unit ventilators. The remaining parts for the additional 800 units will be delivered shortly. In response to the global pandemic, a Hungarian medical device manufacturer \u2014 Celitron Medical Technologies Ltd. \u2014 began producing state-of-the-art ventilators. As [&hellip;]","og_url":"https:\/\/www.jglobe.hu\/en\/2020\/05\/29\/icu-ventilator-project\/","og_site_name":"Julius-Globe","article_publisher":"https:\/\/www.facebook.com\/juliusglobekft\/?locale=hu_HU","article_published_time":"2020-05-29T16:00:45+00:00","og_image":[{"width":1920,"height":1280,"url":"https:\/\/www.jglobe.hu\/wp-content\/uploads\/2020\/05\/kiemelt_kep.jpg","type":"image\/jpeg"}],"author":"jutasig","twitter_card":"summary_large_image","twitter_misc":{"Written by":"jutasig","Est. reading time":"1 minute"},"schema":{"@context":"https:\/\/schema.org","@graph":[{"@type":"Article","@id":"https:\/\/www.jglobe.hu\/en\/2020\/05\/29\/icu-ventilator-project\/#article","isPartOf":{"@id":"https:\/\/www.jglobe.hu\/en\/2020\/05\/29\/icu-ventilator-project\/"},"author":{"name":"jutasig","@id":"https:\/\/www.jglobe.hu\/#\/schema\/person\/361a3054bee6a4006160f5bd2457508e"},"headline":"ICU Ventilator Project","datePublished":"2020-05-29T16:00:45+00:00","mainEntityOfPage":{"@id":"https:\/\/www.jglobe.hu\/en\/2020\/05\/29\/icu-ventilator-project\/"},"wordCount":123,"publisher":{"@id":"https:\/\/www.jglobe.hu\/#organization"},"image":{"@id":"https:\/\/www.jglobe.hu\/en\/2020\/05\/29\/icu-ventilator-project\/#primaryimage"},"thumbnailUrl":"https:\/\/www.jglobe.hu\/wp-content\/uploads\/2020\/05\/kiemelt_kep.jpg","articleSection":["Our News"],"inLanguage":"en-US"},{"@type":"WebPage","@id":"https:\/\/www.jglobe.hu\/en\/2020\/05\/29\/icu-ventilator-project\/","url":"https:\/\/www.jglobe.hu\/en\/2020\/05\/29\/icu-ventilator-project\/","name":"ICU Ventilator Project - Julius-Globe","isPartOf":{"@id":"https:\/\/www.jglobe.hu\/#website"},"primaryImageOfPage":{"@id":"https:\/\/www.jglobe.hu\/en\/2020\/05\/29\/icu-ventilator-project\/#primaryimage"},"image":{"@id":"https:\/\/www.jglobe.hu\/en\/2020\/05\/29\/icu-ventilator-project\/#primaryimage"},"thumbnailUrl":"https:\/\/www.jglobe.hu\/wp-content\/uploads\/2020\/05\/kiemelt_kep.jpg","datePublished":"2020-05-29T16:00:45+00:00","breadcrumb":{"@id":"https:\/\/www.jglobe.hu\/en\/2020\/05\/29\/icu-ventilator-project\/#breadcrumb"},"inLanguage":"en-US","potentialAction":[{"@type":"ReadAction","target":["https:\/\/www.jglobe.hu\/en\/2020\/05\/29\/icu-ventilator-project\/"]}]},{"@type":"ImageObject","inLanguage":"en-US","@id":"https:\/\/www.jglobe.hu\/en\/2020\/05\/29\/icu-ventilator-project\/#primaryimage","url":"https:\/\/www.jglobe.hu\/wp-content\/uploads\/2020\/05\/kiemelt_kep.jpg","contentUrl":"https:\/\/www.jglobe.hu\/wp-content\/uploads\/2020\/05\/kiemelt_kep.jpg","width":1920,"height":1280},{"@type":"BreadcrumbList","@id":"https:\/\/www.jglobe.hu\/en\/2020\/05\/29\/icu-ventilator-project\/#breadcrumb","itemListElement":[{"@type":"ListItem","position":1,"name":"Kezd\u0151lap","item":"https:\/\/www.jglobe.hu\/en\/"},{"@type":"ListItem","position":2,"name":"ICU Ventilator Project"}]},{"@type":"WebSite","@id":"https:\/\/www.jglobe.hu\/#website","url":"https:\/\/www.jglobe.hu\/","name":"Julius-Globe","description":"A NAVIGATOR f\u00e9mipari tud\u00e1sk\u00f6zpontja","publisher":{"@id":"https:\/\/www.jglobe.hu\/#organization"},"potentialAction":[{"@type":"SearchAction","target":{"@type":"EntryPoint","urlTemplate":"https:\/\/www.jglobe.hu\/?s={search_term_string}"},"query-input":{"@type":"PropertyValueSpecification","valueRequired":true,"valueName":"search_term_string"}}],"inLanguage":"en-US"},{"@type":"Organization","@id":"https:\/\/www.jglobe.hu\/#organization","name":"Julius-Globe","url":"https:\/\/www.jglobe.hu\/","logo":{"@type":"ImageObject","inLanguage":"en-US","@id":"https:\/\/www.jglobe.hu\/#\/schema\/logo\/image\/","url":"https:\/\/www.jglobe.hu\/wp-content\/uploads\/2026\/03\/JG-fekvo-szines-kicsi.png","contentUrl":"https:\/\/www.jglobe.hu\/wp-content\/uploads\/2026\/03\/JG-fekvo-szines-kicsi.png","width":2484,"height":1069,"caption":"Julius-Globe"},"image":{"@id":"https:\/\/www.jglobe.hu\/#\/schema\/logo\/image\/"},"sameAs":["https:\/\/www.facebook.com\/juliusglobekft\/?locale=hu_HU"]},{"@type":"Person","@id":"https:\/\/www.jglobe.hu\/#\/schema\/person\/361a3054bee6a4006160f5bd2457508e","name":"jutasig","image":{"@type":"ImageObject","inLanguage":"en-US","@id":"https:\/\/secure.gravatar.com\/avatar\/5a40f680def40ab5386bcfee625b43b0a65605cb9624050afd5153d2acbcd338?s=96&d=mm&r=g","url":"https:\/\/secure.gravatar.com\/avatar\/5a40f680def40ab5386bcfee625b43b0a65605cb9624050afd5153d2acbcd338?s=96&d=mm&r=g","contentUrl":"https:\/\/secure.gravatar.com\/avatar\/5a40f680def40ab5386bcfee625b43b0a65605cb9624050afd5153d2acbcd338?s=96&d=mm&r=g","caption":"jutasig"},"sameAs":["https:\/\/https:\/\/www.jglobe.hu\/"],"url":"https:\/\/www.jglobe.hu\/en\/author\/jutasig\/"}]}},"_links":{"self":[{"href":"https:\/\/www.jglobe.hu\/en\/wp-json\/wp\/v2\/posts\/5473","targetHints":{"allow":["GET"]}}],"collection":[{"href":"https:\/\/www.jglobe.hu\/en\/wp-json\/wp\/v2\/posts"}],"about":[{"href":"https:\/\/www.jglobe.hu\/en\/wp-json\/wp\/v2\/types\/post"}],"author":[{"embeddable":true,"href":"https:\/\/www.jglobe.hu\/en\/wp-json\/wp\/v2\/users\/1"}],"replies":[{"embeddable":true,"href":"https:\/\/www.jglobe.hu\/en\/wp-json\/wp\/v2\/comments?post=5473"}],"version-history":[{"count":0,"href":"https:\/\/www.jglobe.hu\/en\/wp-json\/wp\/v2\/posts\/5473\/revisions"}],"wp:featuredmedia":[{"embeddable":true,"href":"https:\/\/www.jglobe.hu\/en\/wp-json\/wp\/v2\/media\/5472"}],"wp:attachment":[{"href":"https:\/\/www.jglobe.hu\/en\/wp-json\/wp\/v2\/media?parent=5473"}],"wp:term":[{"taxonomy":"category","embeddable":true,"href":"https:\/\/www.jglobe.hu\/en\/wp-json\/wp\/v2\/categories?post=5473"},{"taxonomy":"post_tag","embeddable":true,"href":"https:\/\/www.jglobe.hu\/en\/wp-json\/wp\/v2\/tags?post=5473"}],"curies":[{"name":"wp","href":"https:\/\/api.w.org\/{rel}","templated":true}]}}