{"id":5522,"date":"2016-09-05T16:00:45","date_gmt":"2016-09-05T16:00:45","guid":{"rendered":"https:\/\/www.jglobe.hu\/2016\/09\/05\/we-will-represent-hungary-as-national-champion-at-the-2016-17-european-business-award-competition\/"},"modified":"2026-04-22T18:44:18","modified_gmt":"2026-04-22T18:44:18","slug":"we-will-represent-hungary-as-national-champion-at-the-2016-17-european-business-award-competition","status":"publish","type":"post","link":"https:\/\/www.jglobe.hu\/en\/2016\/09\/05\/we-will-represent-hungary-as-national-champion-at-the-2016-17-european-business-award-competition\/","title":{"rendered":"We Will Represent Hungary as National Champion at the 2016\/17 European Business Award Competition"},"content":{"rendered":"<div style=\"text-align: justify;\">\n<p>Julius-Globe Ltd. was selected as a National Champion in the first round of the European Business Awards (EBA)<\/p>\n<p><strong>We Will Represent Hungary as National Champion at the 2016\/17 European Business Award Competition <\/strong><\/p>\n<p>JULIUS-GLOBE KFT. has been nominated as HUNGARY&#8217;s national champion for the RSM-supported European Business Award competition \u2014 Europe&#8217;s largest business competition, which recognises business excellence and best practice within the European business community.<\/p>\n<p>Now in its 10th edition, the competition is supported by business leaders, scientists, and political representatives from across Europe, and this year involves more than 33,000 companies from 34 countries.<\/p>\n<p>JULIUS-GLOBE KFT. was selected by an independent committee after the first round of evaluation. Assessment was based on EBA guidelines covering innovation, ethics, and success, and the competition now moves on to the second round, consisting of a video entry and a public vote.<\/p>\n<p>Quality manager Erika R\u00e1cz notes: &#8220;We are very proud to have been chosen as national champion to represent HUNGARY. The European Business Award is widely recognised as the showcase for Europe&#8217;s most dynamic companies, and we are proud to receive this level of recognition.&#8221;<\/p>\n<p>Adrian Tripp, Executive Director of the European Business Award, said: &#8220;Congratulations to Julius-Globe Ltd., who will represent their country as national champion. They play a central role in the success of Europe&#8217;s strong business community, and have demonstrated the principles of innovation, ethics, and success that we require.&#8221;<\/p>\n<p>In the next round, national champions must produce an introductory video telling their story and explaining the secret of their business success. The competition&#8217;s independent judges will award the best in each group with &#8220;Ruban d&#8217;Honneur&#8221; status, and the selected companies will then be eligible to compete in the grand final in 2017.<\/p>\n<p>Separately, a two-round public vote will take place in which the videos will be showcased on the European Business Award website, and the company receiving the most votes in its own country will become the &#8220;national audience champion&#8221;. Last year more than 227,000 votes were counted, as companies were supported globally by their clients, staff, and management, as well as by the general public.<\/p>\n<p>The lead sponsor, RSM \u2014 the sixth largest international network of independent audit, tax, and advisory firms \u2014 has supported the European Business Award from the very beginning. The primary aim of the competition is to support the development of a stronger and more successful business community across Europe. Other supporters and partners of the competition include UK Trade and Investment, ELITE, and PR Newswire.<\/p>\n<p>In the 2015\/16 competition, all EU markets were represented alongside Turkey, Norway, Switzerland, Serbia, and the former Yugoslav Republic of Macedonia. Their combined revenues exceeded \u20ac1.2 trillion, and they employed more than 2.5 million people.<\/p>\n<p>For more information on the winners, the European Business Awards and RSM:<\/p>\n<div style=\"text-align: left; display: flex; flex-wrap: wrap; gap: 10px;\">\n<p><a style=\"display: inline-block; background-color: #2c3b59 !important; color: #ffffff !important; font-family: 'Montserrat', sans-serif; font-weight: 600; text-transform: uppercase; letter-spacing: 1px; border: 2px solid #2c3b59; border-radius: 4px; padding: 14px 24px 14px 24px; line-height: 1; text-decoration: none; transition: all 0.3s ease;\" href=\"http:\/\/www.businessawardseurope.com\/\" target=\"_blank\" rel=\"noopener\">European Business Awards<\/a><\/p>\n<p><a style=\"display: inline-block; background-color: #2c3b59 !important; color: #ffffff !important; font-family: 'Montserrat', sans-serif; font-weight: 600; text-transform: uppercase; letter-spacing: 1px; border: 2px solid #2c3b59; border-radius: 4px; padding: 14px 24px 14px 24px; line-height: 1; text-decoration: none; transition: all 0.3s ease;\" href=\"http:\/\/www.rsmi.com\/\" target=\"_blank\" rel=\"noopener\">RSM International<\/a><\/p>\n<p><a style=\"display: inline-block; background-color: #2c3b59 !important; color: #ffffff !important; font-family: 'Montserrat', sans-serif; font-weight: 600; text-transform: uppercase; letter-spacing: 1px; border: 2px solid #2c3b59; border-radius: 4px; padding: 14px 24px 14px 24px; line-height: 1; text-decoration: none; transition: all 0.3s ease;\" href=\"https:\/\/twitter.com\/hashtag\/rsmEBA\" target=\"_blank\" rel=\"noopener\">@rsmEBA Twitter<\/a><\/p>\n<\/div>\n<\/div>\n","protected":false},"excerpt":{"rendered":"<p>Julius-Globe Ltd. was selected as a National Champion in the first round of the European Business Awards (EBA) We Will Represent Hungary as National Champion at the 2016\/17 European Business Award Competition JULIUS-GLOBE KFT. has been nominated as HUNGARY&#8217;s national champion for the RSM-supported European Business Award competition \u2014 Europe&#8217;s largest business competition, which recognises [&hellip;]<\/p>\n","protected":false},"author":1,"featured_media":5521,"comment_status":"closed","ping_status":"open","sticky":false,"template":"","format":"standard","meta":{"footnotes":""},"categories":[172],"tags":[],"class_list":["post-5522","post","type-post","status-publish","format-standard","has-post-thumbnail","hentry","category-our-news"],"yoast_head":"<!-- This site is optimized with the Yoast SEO plugin v27.4 - https:\/\/yoast.com\/product\/yoast-seo-wordpress\/ -->\n<title>We Will Represent Hungary as National Champion at the 2016\/17 European Business Award Competition - Julius-Globe<\/title>\n<meta name=\"robots\" content=\"index, follow, max-snippet:-1, max-image-preview:large, max-video-preview:-1\" \/>\n<link rel=\"canonical\" href=\"https:\/\/www.jglobe.hu\/en\/2016\/09\/05\/we-will-represent-hungary-as-national-champion-at-the-2016-17-european-business-award-competition\/\" \/>\n<meta property=\"og:locale\" content=\"en_US\" \/>\n<meta property=\"og:type\" content=\"article\" \/>\n<meta property=\"og:title\" content=\"We Will Represent Hungary as National Champion at the 2016\/17 European Business Award Competition - Julius-Globe\" \/>\n<meta property=\"og:description\" content=\"Julius-Globe Ltd. was selected as a National Champion in the first round of the European Business Awards (EBA) We Will Represent Hungary as National Champion at the 2016\/17 European Business Award Competition JULIUS-GLOBE KFT. has been nominated as HUNGARY&#8217;s national champion for the RSM-supported European Business Award competition \u2014 Europe&#8217;s largest business competition, which recognises [&hellip;]\" \/>\n<meta property=\"og:url\" content=\"https:\/\/www.jglobe.hu\/en\/2016\/09\/05\/we-will-represent-hungary-as-national-champion-at-the-2016-17-european-business-award-competition\/\" \/>\n<meta property=\"og:site_name\" content=\"Julius-Globe\" \/>\n<meta property=\"article:publisher\" content=\"https:\/\/www.facebook.com\/juliusglobekft\/?locale=hu_HU\" \/>\n<meta property=\"article:published_time\" content=\"2016-09-05T16:00:45+00:00\" \/>\n<meta property=\"article:modified_time\" content=\"2026-04-22T18:44:18+00:00\" \/>\n<meta property=\"og:image\" content=\"https:\/\/www.jglobe.hu\/wp-content\/uploads\/2016\/09\/nemzeti_bajnok_kiemelt.jpg\" \/>\n\t<meta property=\"og:image:width\" content=\"1920\" \/>\n\t<meta property=\"og:image:height\" content=\"1280\" \/>\n\t<meta property=\"og:image:type\" content=\"image\/jpeg\" \/>\n<meta name=\"author\" content=\"jutasig\" \/>\n<meta name=\"twitter:card\" content=\"summary_large_image\" \/>\n<meta name=\"twitter:label1\" content=\"Written by\" \/>\n\t<meta name=\"twitter:data1\" content=\"jutasig\" \/>\n\t<meta name=\"twitter:label2\" content=\"Est. reading time\" \/>\n\t<meta name=\"twitter:data2\" content=\"3 minutes\" \/>\n<script type=\"application\/ld+json\" class=\"yoast-schema-graph\">{\"@context\":\"https:\\\/\\\/schema.org\",\"@graph\":[{\"@type\":\"Article\",\"@id\":\"https:\\\/\\\/www.jglobe.hu\\\/en\\\/2016\\\/09\\\/05\\\/we-will-represent-hungary-as-national-champion-at-the-2016-17-european-business-award-competition\\\/#article\",\"isPartOf\":{\"@id\":\"https:\\\/\\\/www.jglobe.hu\\\/en\\\/2016\\\/09\\\/05\\\/we-will-represent-hungary-as-national-champion-at-the-2016-17-european-business-award-competition\\\/\"},\"author\":{\"name\":\"jutasig\",\"@id\":\"https:\\\/\\\/www.jglobe.hu\\\/#\\\/schema\\\/person\\\/361a3054bee6a4006160f5bd2457508e\"},\"headline\":\"We Will Represent Hungary as National Champion at the 2016\\\/17 European Business Award Competition\",\"datePublished\":\"2016-09-05T16:00:45+00:00\",\"dateModified\":\"2026-04-22T18:44:18+00:00\",\"mainEntityOfPage\":{\"@id\":\"https:\\\/\\\/www.jglobe.hu\\\/en\\\/2016\\\/09\\\/05\\\/we-will-represent-hungary-as-national-champion-at-the-2016-17-european-business-award-competition\\\/\"},\"wordCount\":476,\"publisher\":{\"@id\":\"https:\\\/\\\/www.jglobe.hu\\\/#organization\"},\"image\":{\"@id\":\"https:\\\/\\\/www.jglobe.hu\\\/en\\\/2016\\\/09\\\/05\\\/we-will-represent-hungary-as-national-champion-at-the-2016-17-european-business-award-competition\\\/#primaryimage\"},\"thumbnailUrl\":\"https:\\\/\\\/www.jglobe.hu\\\/wp-content\\\/uploads\\\/2016\\\/09\\\/nemzeti_bajnok_kiemelt.jpg\",\"articleSection\":[\"Our News\"],\"inLanguage\":\"en-US\"},{\"@type\":\"WebPage\",\"@id\":\"https:\\\/\\\/www.jglobe.hu\\\/en\\\/2016\\\/09\\\/05\\\/we-will-represent-hungary-as-national-champion-at-the-2016-17-european-business-award-competition\\\/\",\"url\":\"https:\\\/\\\/www.jglobe.hu\\\/en\\\/2016\\\/09\\\/05\\\/we-will-represent-hungary-as-national-champion-at-the-2016-17-european-business-award-competition\\\/\",\"name\":\"We Will Represent Hungary as National Champion at the 2016\\\/17 European Business Award Competition - Julius-Globe\",\"isPartOf\":{\"@id\":\"https:\\\/\\\/www.jglobe.hu\\\/#website\"},\"primaryImageOfPage\":{\"@id\":\"https:\\\/\\\/www.jglobe.hu\\\/en\\\/2016\\\/09\\\/05\\\/we-will-represent-hungary-as-national-champion-at-the-2016-17-european-business-award-competition\\\/#primaryimage\"},\"image\":{\"@id\":\"https:\\\/\\\/www.jglobe.hu\\\/en\\\/2016\\\/09\\\/05\\\/we-will-represent-hungary-as-national-champion-at-the-2016-17-european-business-award-competition\\\/#primaryimage\"},\"thumbnailUrl\":\"https:\\\/\\\/www.jglobe.hu\\\/wp-content\\\/uploads\\\/2016\\\/09\\\/nemzeti_bajnok_kiemelt.jpg\",\"datePublished\":\"2016-09-05T16:00:45+00:00\",\"dateModified\":\"2026-04-22T18:44:18+00:00\",\"breadcrumb\":{\"@id\":\"https:\\\/\\\/www.jglobe.hu\\\/en\\\/2016\\\/09\\\/05\\\/we-will-represent-hungary-as-national-champion-at-the-2016-17-european-business-award-competition\\\/#breadcrumb\"},\"inLanguage\":\"en-US\",\"potentialAction\":[{\"@type\":\"ReadAction\",\"target\":[\"https:\\\/\\\/www.jglobe.hu\\\/en\\\/2016\\\/09\\\/05\\\/we-will-represent-hungary-as-national-champion-at-the-2016-17-european-business-award-competition\\\/\"]}]},{\"@type\":\"ImageObject\",\"inLanguage\":\"en-US\",\"@id\":\"https:\\\/\\\/www.jglobe.hu\\\/en\\\/2016\\\/09\\\/05\\\/we-will-represent-hungary-as-national-champion-at-the-2016-17-european-business-award-competition\\\/#primaryimage\",\"url\":\"https:\\\/\\\/www.jglobe.hu\\\/wp-content\\\/uploads\\\/2016\\\/09\\\/nemzeti_bajnok_kiemelt.jpg\",\"contentUrl\":\"https:\\\/\\\/www.jglobe.hu\\\/wp-content\\\/uploads\\\/2016\\\/09\\\/nemzeti_bajnok_kiemelt.jpg\",\"width\":1920,\"height\":1280},{\"@type\":\"BreadcrumbList\",\"@id\":\"https:\\\/\\\/www.jglobe.hu\\\/en\\\/2016\\\/09\\\/05\\\/we-will-represent-hungary-as-national-champion-at-the-2016-17-european-business-award-competition\\\/#breadcrumb\",\"itemListElement\":[{\"@type\":\"ListItem\",\"position\":1,\"name\":\"Kezd\u0151lap\",\"item\":\"https:\\\/\\\/www.jglobe.hu\\\/en\\\/\"},{\"@type\":\"ListItem\",\"position\":2,\"name\":\"We Will Represent Hungary as National Champion at the 2016\\\/17 European Business Award Competition\"}]},{\"@type\":\"WebSite\",\"@id\":\"https:\\\/\\\/www.jglobe.hu\\\/#website\",\"url\":\"https:\\\/\\\/www.jglobe.hu\\\/\",\"name\":\"Julius-Globe\",\"description\":\"A NAVIGATOR f\u00e9mipari tud\u00e1sk\u00f6zpontja\",\"publisher\":{\"@id\":\"https:\\\/\\\/www.jglobe.hu\\\/#organization\"},\"potentialAction\":[{\"@type\":\"SearchAction\",\"target\":{\"@type\":\"EntryPoint\",\"urlTemplate\":\"https:\\\/\\\/www.jglobe.hu\\\/?s={search_term_string}\"},\"query-input\":{\"@type\":\"PropertyValueSpecification\",\"valueRequired\":true,\"valueName\":\"search_term_string\"}}],\"inLanguage\":\"en-US\"},{\"@type\":\"Organization\",\"@id\":\"https:\\\/\\\/www.jglobe.hu\\\/#organization\",\"name\":\"Julius-Globe\",\"url\":\"https:\\\/\\\/www.jglobe.hu\\\/\",\"logo\":{\"@type\":\"ImageObject\",\"inLanguage\":\"en-US\",\"@id\":\"https:\\\/\\\/www.jglobe.hu\\\/#\\\/schema\\\/logo\\\/image\\\/\",\"url\":\"https:\\\/\\\/www.jglobe.hu\\\/wp-content\\\/uploads\\\/2026\\\/03\\\/JG-fekvo-szines-kicsi.png\",\"contentUrl\":\"https:\\\/\\\/www.jglobe.hu\\\/wp-content\\\/uploads\\\/2026\\\/03\\\/JG-fekvo-szines-kicsi.png\",\"width\":2484,\"height\":1069,\"caption\":\"Julius-Globe\"},\"image\":{\"@id\":\"https:\\\/\\\/www.jglobe.hu\\\/#\\\/schema\\\/logo\\\/image\\\/\"},\"sameAs\":[\"https:\\\/\\\/www.facebook.com\\\/juliusglobekft\\\/?locale=hu_HU\"]},{\"@type\":\"Person\",\"@id\":\"https:\\\/\\\/www.jglobe.hu\\\/#\\\/schema\\\/person\\\/361a3054bee6a4006160f5bd2457508e\",\"name\":\"jutasig\",\"image\":{\"@type\":\"ImageObject\",\"inLanguage\":\"en-US\",\"@id\":\"https:\\\/\\\/secure.gravatar.com\\\/avatar\\\/5a40f680def40ab5386bcfee625b43b0a65605cb9624050afd5153d2acbcd338?s=96&d=mm&r=g\",\"url\":\"https:\\\/\\\/secure.gravatar.com\\\/avatar\\\/5a40f680def40ab5386bcfee625b43b0a65605cb9624050afd5153d2acbcd338?s=96&d=mm&r=g\",\"contentUrl\":\"https:\\\/\\\/secure.gravatar.com\\\/avatar\\\/5a40f680def40ab5386bcfee625b43b0a65605cb9624050afd5153d2acbcd338?s=96&d=mm&r=g\",\"caption\":\"jutasig\"},\"sameAs\":[\"https:\\\/\\\/https:\\\/\\\/www.jglobe.hu\\\/\"],\"url\":\"https:\\\/\\\/www.jglobe.hu\\\/en\\\/author\\\/jutasig\\\/\"}]}<\/script>\n<!-- \/ Yoast SEO plugin. -->","yoast_head_json":{"title":"We Will Represent Hungary as National Champion at the 2016\/17 European Business Award Competition - Julius-Globe","robots":{"index":"index","follow":"follow","max-snippet":"max-snippet:-1","max-image-preview":"max-image-preview:large","max-video-preview":"max-video-preview:-1"},"canonical":"https:\/\/www.jglobe.hu\/en\/2016\/09\/05\/we-will-represent-hungary-as-national-champion-at-the-2016-17-european-business-award-competition\/","og_locale":"en_US","og_type":"article","og_title":"We Will Represent Hungary as National Champion at the 2016\/17 European Business Award Competition - Julius-Globe","og_description":"Julius-Globe Ltd. was selected as a National Champion in the first round of the European Business Awards (EBA) We Will Represent Hungary as National Champion at the 2016\/17 European Business Award Competition JULIUS-GLOBE KFT. has been nominated as HUNGARY&#8217;s national champion for the RSM-supported European Business Award competition \u2014 Europe&#8217;s largest business competition, which recognises [&hellip;]","og_url":"https:\/\/www.jglobe.hu\/en\/2016\/09\/05\/we-will-represent-hungary-as-national-champion-at-the-2016-17-european-business-award-competition\/","og_site_name":"Julius-Globe","article_publisher":"https:\/\/www.facebook.com\/juliusglobekft\/?locale=hu_HU","article_published_time":"2016-09-05T16:00:45+00:00","article_modified_time":"2026-04-22T18:44:18+00:00","og_image":[{"width":1920,"height":1280,"url":"https:\/\/www.jglobe.hu\/wp-content\/uploads\/2016\/09\/nemzeti_bajnok_kiemelt.jpg","type":"image\/jpeg"}],"author":"jutasig","twitter_card":"summary_large_image","twitter_misc":{"Written by":"jutasig","Est. reading time":"3 minutes"},"schema":{"@context":"https:\/\/schema.org","@graph":[{"@type":"Article","@id":"https:\/\/www.jglobe.hu\/en\/2016\/09\/05\/we-will-represent-hungary-as-national-champion-at-the-2016-17-european-business-award-competition\/#article","isPartOf":{"@id":"https:\/\/www.jglobe.hu\/en\/2016\/09\/05\/we-will-represent-hungary-as-national-champion-at-the-2016-17-european-business-award-competition\/"},"author":{"name":"jutasig","@id":"https:\/\/www.jglobe.hu\/#\/schema\/person\/361a3054bee6a4006160f5bd2457508e"},"headline":"We Will Represent Hungary as National Champion at the 2016\/17 European Business Award Competition","datePublished":"2016-09-05T16:00:45+00:00","dateModified":"2026-04-22T18:44:18+00:00","mainEntityOfPage":{"@id":"https:\/\/www.jglobe.hu\/en\/2016\/09\/05\/we-will-represent-hungary-as-national-champion-at-the-2016-17-european-business-award-competition\/"},"wordCount":476,"publisher":{"@id":"https:\/\/www.jglobe.hu\/#organization"},"image":{"@id":"https:\/\/www.jglobe.hu\/en\/2016\/09\/05\/we-will-represent-hungary-as-national-champion-at-the-2016-17-european-business-award-competition\/#primaryimage"},"thumbnailUrl":"https:\/\/www.jglobe.hu\/wp-content\/uploads\/2016\/09\/nemzeti_bajnok_kiemelt.jpg","articleSection":["Our News"],"inLanguage":"en-US"},{"@type":"WebPage","@id":"https:\/\/www.jglobe.hu\/en\/2016\/09\/05\/we-will-represent-hungary-as-national-champion-at-the-2016-17-european-business-award-competition\/","url":"https:\/\/www.jglobe.hu\/en\/2016\/09\/05\/we-will-represent-hungary-as-national-champion-at-the-2016-17-european-business-award-competition\/","name":"We Will Represent Hungary as National Champion at the 2016\/17 European Business Award Competition - Julius-Globe","isPartOf":{"@id":"https:\/\/www.jglobe.hu\/#website"},"primaryImageOfPage":{"@id":"https:\/\/www.jglobe.hu\/en\/2016\/09\/05\/we-will-represent-hungary-as-national-champion-at-the-2016-17-european-business-award-competition\/#primaryimage"},"image":{"@id":"https:\/\/www.jglobe.hu\/en\/2016\/09\/05\/we-will-represent-hungary-as-national-champion-at-the-2016-17-european-business-award-competition\/#primaryimage"},"thumbnailUrl":"https:\/\/www.jglobe.hu\/wp-content\/uploads\/2016\/09\/nemzeti_bajnok_kiemelt.jpg","datePublished":"2016-09-05T16:00:45+00:00","dateModified":"2026-04-22T18:44:18+00:00","breadcrumb":{"@id":"https:\/\/www.jglobe.hu\/en\/2016\/09\/05\/we-will-represent-hungary-as-national-champion-at-the-2016-17-european-business-award-competition\/#breadcrumb"},"inLanguage":"en-US","potentialAction":[{"@type":"ReadAction","target":["https:\/\/www.jglobe.hu\/en\/2016\/09\/05\/we-will-represent-hungary-as-national-champion-at-the-2016-17-european-business-award-competition\/"]}]},{"@type":"ImageObject","inLanguage":"en-US","@id":"https:\/\/www.jglobe.hu\/en\/2016\/09\/05\/we-will-represent-hungary-as-national-champion-at-the-2016-17-european-business-award-competition\/#primaryimage","url":"https:\/\/www.jglobe.hu\/wp-content\/uploads\/2016\/09\/nemzeti_bajnok_kiemelt.jpg","contentUrl":"https:\/\/www.jglobe.hu\/wp-content\/uploads\/2016\/09\/nemzeti_bajnok_kiemelt.jpg","width":1920,"height":1280},{"@type":"BreadcrumbList","@id":"https:\/\/www.jglobe.hu\/en\/2016\/09\/05\/we-will-represent-hungary-as-national-champion-at-the-2016-17-european-business-award-competition\/#breadcrumb","itemListElement":[{"@type":"ListItem","position":1,"name":"Kezd\u0151lap","item":"https:\/\/www.jglobe.hu\/en\/"},{"@type":"ListItem","position":2,"name":"We Will Represent Hungary as National Champion at the 2016\/17 European Business Award Competition"}]},{"@type":"WebSite","@id":"https:\/\/www.jglobe.hu\/#website","url":"https:\/\/www.jglobe.hu\/","name":"Julius-Globe","description":"A NAVIGATOR f\u00e9mipari tud\u00e1sk\u00f6zpontja","publisher":{"@id":"https:\/\/www.jglobe.hu\/#organization"},"potentialAction":[{"@type":"SearchAction","target":{"@type":"EntryPoint","urlTemplate":"https:\/\/www.jglobe.hu\/?s={search_term_string}"},"query-input":{"@type":"PropertyValueSpecification","valueRequired":true,"valueName":"search_term_string"}}],"inLanguage":"en-US"},{"@type":"Organization","@id":"https:\/\/www.jglobe.hu\/#organization","name":"Julius-Globe","url":"https:\/\/www.jglobe.hu\/","logo":{"@type":"ImageObject","inLanguage":"en-US","@id":"https:\/\/www.jglobe.hu\/#\/schema\/logo\/image\/","url":"https:\/\/www.jglobe.hu\/wp-content\/uploads\/2026\/03\/JG-fekvo-szines-kicsi.png","contentUrl":"https:\/\/www.jglobe.hu\/wp-content\/uploads\/2026\/03\/JG-fekvo-szines-kicsi.png","width":2484,"height":1069,"caption":"Julius-Globe"},"image":{"@id":"https:\/\/www.jglobe.hu\/#\/schema\/logo\/image\/"},"sameAs":["https:\/\/www.facebook.com\/juliusglobekft\/?locale=hu_HU"]},{"@type":"Person","@id":"https:\/\/www.jglobe.hu\/#\/schema\/person\/361a3054bee6a4006160f5bd2457508e","name":"jutasig","image":{"@type":"ImageObject","inLanguage":"en-US","@id":"https:\/\/secure.gravatar.com\/avatar\/5a40f680def40ab5386bcfee625b43b0a65605cb9624050afd5153d2acbcd338?s=96&d=mm&r=g","url":"https:\/\/secure.gravatar.com\/avatar\/5a40f680def40ab5386bcfee625b43b0a65605cb9624050afd5153d2acbcd338?s=96&d=mm&r=g","contentUrl":"https:\/\/secure.gravatar.com\/avatar\/5a40f680def40ab5386bcfee625b43b0a65605cb9624050afd5153d2acbcd338?s=96&d=mm&r=g","caption":"jutasig"},"sameAs":["https:\/\/https:\/\/www.jglobe.hu\/"],"url":"https:\/\/www.jglobe.hu\/en\/author\/jutasig\/"}]}},"_links":{"self":[{"href":"https:\/\/www.jglobe.hu\/en\/wp-json\/wp\/v2\/posts\/5522","targetHints":{"allow":["GET"]}}],"collection":[{"href":"https:\/\/www.jglobe.hu\/en\/wp-json\/wp\/v2\/posts"}],"about":[{"href":"https:\/\/www.jglobe.hu\/en\/wp-json\/wp\/v2\/types\/post"}],"author":[{"embeddable":true,"href":"https:\/\/www.jglobe.hu\/en\/wp-json\/wp\/v2\/users\/1"}],"replies":[{"embeddable":true,"href":"https:\/\/www.jglobe.hu\/en\/wp-json\/wp\/v2\/comments?post=5522"}],"version-history":[{"count":2,"href":"https:\/\/www.jglobe.hu\/en\/wp-json\/wp\/v2\/posts\/5522\/revisions"}],"predecessor-version":[{"id":5618,"href":"https:\/\/www.jglobe.hu\/en\/wp-json\/wp\/v2\/posts\/5522\/revisions\/5618"}],"wp:featuredmedia":[{"embeddable":true,"href":"https:\/\/www.jglobe.hu\/en\/wp-json\/wp\/v2\/media\/5521"}],"wp:attachment":[{"href":"https:\/\/www.jglobe.hu\/en\/wp-json\/wp\/v2\/media?parent=5522"}],"wp:term":[{"taxonomy":"category","embeddable":true,"href":"https:\/\/www.jglobe.hu\/en\/wp-json\/wp\/v2\/categories?post=5522"},{"taxonomy":"post_tag","embeddable":true,"href":"https:\/\/www.jglobe.hu\/en\/wp-json\/wp\/v2\/tags?post=5522"}],"curies":[{"name":"wp","href":"https:\/\/api.w.org\/{rel}","templated":true}]}}